{"id":13990,"date":"2022-12-28T18:52:13","date_gmt":"2022-12-28T17:52:13","guid":{"rendered":"http:\/\/www.etxauri.eus\/?p=13990"},"modified":"2026-03-03T19:58:40","modified_gmt":"2026-03-03T18:58:40","slug":"luisen-urtebetetzea-2","status":"publish","type":"post","link":"http:\/\/www.etxauri.eus\/es\/luisen-urtebetetzea-2\/","title":{"rendered":"CUMPLEA\u00d1OS DE LUIS"},"content":{"rendered":"<p><\/p>\n<h2><span style=\"color: #000000\">El pasado 16 de noviembre, una representaci\u00f3n de la Corporaci\u00f3n Municipal,\u00a0 se acerc\u00f3 a felicitar a Luis, el vecino m\u00e1s longevo del pueblo. Nada m\u00e1s y nada menos que \u00a1\u00a1<strong><span style=\"color: #000000\">104<\/span> a\u00f1os<\/strong>!!<\/span><\/h2>\n<h2><span style=\"color: #000000\"> Acompa\u00f1ado de un pote de vino, nos cont\u00f3 sus \u00abbatallitas\u00bb y alguna que otra historia. Pasamos una tarde de lo m\u00e1s entretenida.<\/span><\/h2>\n<h2><span style=\"color: #000000\">Luis, \u00a1\u00a1hasta el a\u00f1o que viene!!<\/span><\/h2>\n<p><a href=\"http:\/\/www.etxauri.eus\/wp-content\/uploads\/sites\/103\/2022\/12\/Doc1_page-0001.jpg\"><img loading=\"lazy\" decoding=\"async\" class=\"alignnone size-full wp-image-14003\" src=\"http:\/\/www.etxauri.eus\/wp-content\/uploads\/sites\/103\/2022\/12\/Doc1_page-0001.jpg\" alt=\"\" width=\"686\" height=\"911\" srcset=\"http:\/\/www.etxauri.eus\/wp-content\/uploads\/sites\/103\/2022\/12\/Doc1_page-0001.jpg 686w, http:\/\/www.etxauri.eus\/wp-content\/uploads\/sites\/103\/2022\/12\/Doc1_page-0001-226x300.jpg 226w, http:\/\/www.etxauri.eus\/wp-content\/uploads\/sites\/103\/2022\/12\/Doc1_page-0001-600x797.jpg 600w, http:\/\/www.etxauri.eus\/wp-content\/uploads\/sites\/103\/2022\/12\/Doc1_page-0001-300x398.jpg 300w\" sizes=\"auto, (max-width: 686px) 100vw, 686px\" \/><\/a> <a href=\"http:\/\/www.etxauri.eus\/wp-content\/uploads\/sites\/103\/2022\/12\/Doc1_page-0002.jpg\"><img loading=\"lazy\" decoding=\"async\" class=\"alignnone size-full wp-image-14004\" src=\"http:\/\/www.etxauri.eus\/wp-content\/uploads\/sites\/103\/2022\/12\/Doc1_page-0002.jpg\" alt=\"\" width=\"787\" height=\"745\" srcset=\"http:\/\/www.etxauri.eus\/wp-content\/uploads\/sites\/103\/2022\/12\/Doc1_page-0002.jpg 787w, http:\/\/www.etxauri.eus\/wp-content\/uploads\/sites\/103\/2022\/12\/Doc1_page-0002-300x284.jpg 300w, http:\/\/www.etxauri.eus\/wp-content\/uploads\/sites\/103\/2022\/12\/Doc1_page-0002-768x727.jpg 768w, http:\/\/www.etxauri.eus\/wp-content\/uploads\/sites\/103\/2022\/12\/Doc1_page-0002-600x568.jpg 600w\" sizes=\"auto, (max-width: 787px) 100vw, 787px\" \/><\/a> <a href=\"http:\/\/www.etxauri.eus\/wp-content\/uploads\/sites\/103\/2022\/12\/Doc1_page-0003.jpg\"><img loading=\"lazy\" decoding=\"async\" class=\"size-full wp-image-14005 aligncenter\" src=\"http:\/\/www.etxauri.eus\/wp-content\/uploads\/sites\/103\/2022\/12\/Doc1_page-0003.jpg\" alt=\"\" width=\"333\" height=\"741\" srcset=\"http:\/\/www.etxauri.eus\/wp-content\/uploads\/sites\/103\/2022\/12\/Doc1_page-0003.jpg 333w, http:\/\/www.etxauri.eus\/wp-content\/uploads\/sites\/103\/2022\/12\/Doc1_page-0003-135x300.jpg 135w, http:\/\/www.etxauri.eus\/wp-content\/uploads\/sites\/103\/2022\/12\/Doc1_page-0003-300x668.jpg 300w\" sizes=\"auto, (max-width: 333px) 100vw, 333px\" \/><\/a><\/p>","protected":false},"excerpt":{"rendered":"<p>El pasado 16 de noviembre, una representaci\u00f3n de la Corporaci\u00f3n Municipal,\u00a0 se acerc\u00f3 a felicitar a Luis, el vecino m\u00e1s longevo del pueblo. Nada m\u00e1s y nada menos que \u00a1\u00a1104 a\u00f1os!! Acompa\u00f1ado de un pote de vino, nos cont\u00f3 sus&hellip; <\/p>\n","protected":false},"author":281,"featured_media":13998,"comment_status":"closed","ping_status":"closed","sticky":false,"template":"","format":"standard","meta":{"_monsterinsights_skip_tracking":false,"_monsterinsights_sitenote_active":false,"_monsterinsights_sitenote_note":"","_monsterinsights_sitenote_category":0,"footnotes":""},"categories":[40],"tags":[],"class_list":["post-13990","post","type-post","status-publish","format-standard","has-post-thumbnail","hentry","category-zorionak-cumpleanos"],"yoast_head":"<!-- This site is optimized with the Yoast SEO plugin v26.8 - https:\/\/yoast.com\/product\/yoast-seo-wordpress\/ -->\r\n<title>CUMPLEA\u00d1OS DE LUIS - Ayuntamiento de Etxauri<\/title>\r\n<meta name=\"robots\" content=\"index, follow, max-snippet:-1, max-image-preview:large, max-video-preview:-1\" \/>\r\n<link rel=\"canonical\" href=\"http:\/\/www.etxauri.eus\/es\/luisen-urtebetetzea-2\/\" \/>\r\n<meta property=\"og:locale\" content=\"es_ES\" \/>\r\n<meta property=\"og:type\" content=\"article\" \/>\r\n<meta property=\"og:title\" content=\"CUMPLEA\u00d1OS DE LUIS - Ayuntamiento de Etxauri\" \/>\r\n<meta property=\"og:description\" content=\"El pasado 16 de noviembre, una representaci\u00f3n de la Corporaci\u00f3n Municipal,\u00a0 se acerc\u00f3 a felicitar a Luis, el vecino m\u00e1s longevo del pueblo. Nada m\u00e1s y nada menos que \u00a1\u00a1104 a\u00f1os!! Acompa\u00f1ado de un pote de vino, nos cont\u00f3 sus&hellip;\" \/>\r\n<meta property=\"og:url\" content=\"http:\/\/www.etxauri.eus\/es\/luisen-urtebetetzea-2\/\" \/>\r\n<meta property=\"og:site_name\" content=\"Ayuntamiento de Etxauri\" \/>\r\n<meta property=\"article:published_time\" content=\"2022-12-28T17:52:13+00:00\" \/>\r\n<meta property=\"article:modified_time\" content=\"2026-03-03T18:58:40+00:00\" \/>\r\n<meta property=\"og:image\" content=\"http:\/\/www.etxauri.eus\/wp-content\/uploads\/sites\/103\/2022\/12\/WhatsApp-Image-2022-12-22-at-19.30.00.jpeg\" \/>\r\n\t<meta property=\"og:image:width\" content=\"634\" \/>\r\n\t<meta property=\"og:image:height\" content=\"675\" \/>\r\n\t<meta property=\"og:image:type\" content=\"image\/jpeg\" \/>\r\n<meta name=\"author\" content=\"Idoia\" \/>\r\n<meta name=\"twitter:card\" content=\"summary_large_image\" \/>\r\n<meta name=\"twitter:label1\" content=\"Escrito por\" \/>\n\t<meta name=\"twitter:data1\" content=\"Idoia\" \/>\n\t<meta name=\"twitter:label2\" content=\"Tiempo de lectura\" \/>\n\t<meta name=\"twitter:data2\" content=\"1 minuto\" \/>\r\n<script type=\"application\/ld+json\" class=\"yoast-schema-graph\">{\"@context\":\"https:\/\/schema.org\",\"@graph\":[{\"@type\":\"Article\",\"@id\":\"http:\/\/www.etxauri.eus\/es\/luisen-urtebetetzea-2\/#article\",\"isPartOf\":{\"@id\":\"http:\/\/www.etxauri.eus\/es\/luisen-urtebetetzea-2\/\"},\"author\":{\"name\":\"Idoia\",\"@id\":\"http:\/\/www.etxauri.eus\/es\/#\/schema\/person\/96154b0a2bb433adf5bd83b7b313174d\"},\"headline\":\"CUMPLEA\u00d1OS DE LUIS\",\"datePublished\":\"2022-12-28T17:52:13+00:00\",\"dateModified\":\"2026-03-03T18:58:40+00:00\",\"mainEntityOfPage\":{\"@id\":\"http:\/\/www.etxauri.eus\/es\/luisen-urtebetetzea-2\/\"},\"wordCount\":120,\"image\":{\"@id\":\"http:\/\/www.etxauri.eus\/es\/luisen-urtebetetzea-2\/#primaryimage\"},\"thumbnailUrl\":\"http:\/\/www.etxauri.eus\/wp-content\/uploads\/sites\/103\/2022\/12\/WhatsApp-Image-2022-12-22-at-19.30.00.jpeg\",\"articleSection\":[\"Zorionak Cumplea\u00f1os\"],\"inLanguage\":\"es\"},{\"@type\":\"WebPage\",\"@id\":\"http:\/\/www.etxauri.eus\/es\/luisen-urtebetetzea-2\/\",\"url\":\"http:\/\/www.etxauri.eus\/es\/luisen-urtebetetzea-2\/\",\"name\":\"CUMPLEA\u00d1OS DE LUIS - Ayuntamiento de Etxauri\",\"isPartOf\":{\"@id\":\"http:\/\/www.etxauri.eus\/es\/#website\"},\"primaryImageOfPage\":{\"@id\":\"http:\/\/www.etxauri.eus\/es\/luisen-urtebetetzea-2\/#primaryimage\"},\"image\":{\"@id\":\"http:\/\/www.etxauri.eus\/es\/luisen-urtebetetzea-2\/#primaryimage\"},\"thumbnailUrl\":\"http:\/\/www.etxauri.eus\/wp-content\/uploads\/sites\/103\/2022\/12\/WhatsApp-Image-2022-12-22-at-19.30.00.jpeg\",\"datePublished\":\"2022-12-28T17:52:13+00:00\",\"dateModified\":\"2026-03-03T18:58:40+00:00\",\"author\":{\"@id\":\"http:\/\/www.etxauri.eus\/es\/#\/schema\/person\/96154b0a2bb433adf5bd83b7b313174d\"},\"breadcrumb\":{\"@id\":\"http:\/\/www.etxauri.eus\/es\/luisen-urtebetetzea-2\/#breadcrumb\"},\"inLanguage\":\"es\",\"potentialAction\":[{\"@type\":\"ReadAction\",\"target\":[[\"http:\/\/www.etxauri.eus\/es\/luisen-urtebetetzea-2\/\"]]}]},{\"@type\":\"ImageObject\",\"inLanguage\":\"es\",\"@id\":\"http:\/\/www.etxauri.eus\/es\/luisen-urtebetetzea-2\/#primaryimage\",\"url\":\"http:\/\/www.etxauri.eus\/wp-content\/uploads\/sites\/103\/2022\/12\/WhatsApp-Image-2022-12-22-at-19.30.00.jpeg\",\"contentUrl\":\"http:\/\/www.etxauri.eus\/wp-content\/uploads\/sites\/103\/2022\/12\/WhatsApp-Image-2022-12-22-at-19.30.00.jpeg\",\"width\":634,\"height\":675},{\"@type\":\"BreadcrumbList\",\"@id\":\"http:\/\/www.etxauri.eus\/es\/luisen-urtebetetzea-2\/#breadcrumb\",\"itemListElement\":[{\"@type\":\"ListItem\",\"position\":1,\"name\":\"Portada\",\"item\":\"http:\/\/www.etxauri.eus\/es\/\"},{\"@type\":\"ListItem\",\"position\":2,\"name\":\"CUMPLEA\u00d1OS DE LUIS\"}]},{\"@type\":\"WebSite\",\"@id\":\"http:\/\/www.etxauri.eus\/es\/#website\",\"url\":\"http:\/\/www.etxauri.eus\/es\/\",\"name\":\"Ayuntamiento de Etxauri\",\"description\":\"Ayuntamiento de Etxauri\",\"potentialAction\":[{\"@type\":\"SearchAction\",\"target\":{\"@type\":\"EntryPoint\",\"urlTemplate\":\"http:\/\/www.etxauri.eus\/es\/?s={search_term_string}\"},\"query-input\":{\"@type\":\"PropertyValueSpecification\",\"valueRequired\":true,\"valueName\":\"search_term_string\"}}],\"inLanguage\":\"es\"},{\"@type\":\"Person\",\"@id\":\"http:\/\/www.etxauri.eus\/es\/#\/schema\/person\/96154b0a2bb433adf5bd83b7b313174d\",\"name\":\"Idoia\",\"image\":{\"@type\":\"ImageObject\",\"inLanguage\":\"es\",\"@id\":\"http:\/\/www.etxauri.eus\/es\/#\/schema\/person\/image\/\",\"url\":\"https:\/\/secure.gravatar.com\/avatar\/43ac25bbab66419145c7119afd7f92d8d2c1e0b7c408a3dfba5d33268f3a01fd?s=96&d=mm&r=g\",\"contentUrl\":\"https:\/\/secure.gravatar.com\/avatar\/43ac25bbab66419145c7119afd7f92d8d2c1e0b7c408a3dfba5d33268f3a01fd?s=96&d=mm&r=g\",\"caption\":\"Idoia\"},\"url\":\"http:\/\/www.etxauri.eus\/es\/author\/exruser1\/\"}]}<\/script>\r\n<!-- \/ Yoast SEO plugin. -->","yoast_head_json":{"title":"CUMPLEA\u00d1OS DE LUIS - Ayuntamiento de Etxauri","robots":{"index":"index","follow":"follow","max-snippet":"max-snippet:-1","max-image-preview":"max-image-preview:large","max-video-preview":"max-video-preview:-1"},"canonical":"http:\/\/www.etxauri.eus\/es\/luisen-urtebetetzea-2\/","og_locale":"es_ES","og_type":"article","og_title":"CUMPLEA\u00d1OS DE LUIS - Ayuntamiento de Etxauri","og_description":"El pasado 16 de noviembre, una representaci\u00f3n de la Corporaci\u00f3n Municipal,\u00a0 se acerc\u00f3 a felicitar a Luis, el vecino m\u00e1s longevo del pueblo. Nada m\u00e1s y nada menos que \u00a1\u00a1104 a\u00f1os!! Acompa\u00f1ado de un pote de vino, nos cont\u00f3 sus&hellip;","og_url":"http:\/\/www.etxauri.eus\/es\/luisen-urtebetetzea-2\/","og_site_name":"Ayuntamiento de Etxauri","article_published_time":"2022-12-28T17:52:13+00:00","article_modified_time":"2026-03-03T18:58:40+00:00","og_image":[{"width":634,"height":675,"url":"http:\/\/www.etxauri.eus\/wp-content\/uploads\/sites\/103\/2022\/12\/WhatsApp-Image-2022-12-22-at-19.30.00.jpeg","type":"image\/jpeg"}],"author":"Idoia","twitter_card":"summary_large_image","twitter_misc":{"Escrito por":"Idoia","Tiempo de lectura":"1 minuto"},"schema":{"@context":"https:\/\/schema.org","@graph":[{"@type":"Article","@id":"http:\/\/www.etxauri.eus\/es\/luisen-urtebetetzea-2\/#article","isPartOf":{"@id":"http:\/\/www.etxauri.eus\/es\/luisen-urtebetetzea-2\/"},"author":{"name":"Idoia","@id":"http:\/\/www.etxauri.eus\/es\/#\/schema\/person\/96154b0a2bb433adf5bd83b7b313174d"},"headline":"CUMPLEA\u00d1OS DE LUIS","datePublished":"2022-12-28T17:52:13+00:00","dateModified":"2026-03-03T18:58:40+00:00","mainEntityOfPage":{"@id":"http:\/\/www.etxauri.eus\/es\/luisen-urtebetetzea-2\/"},"wordCount":120,"image":{"@id":"http:\/\/www.etxauri.eus\/es\/luisen-urtebetetzea-2\/#primaryimage"},"thumbnailUrl":"http:\/\/www.etxauri.eus\/wp-content\/uploads\/sites\/103\/2022\/12\/WhatsApp-Image-2022-12-22-at-19.30.00.jpeg","articleSection":["Zorionak Cumplea\u00f1os"],"inLanguage":"es"},{"@type":"WebPage","@id":"http:\/\/www.etxauri.eus\/es\/luisen-urtebetetzea-2\/","url":"http:\/\/www.etxauri.eus\/es\/luisen-urtebetetzea-2\/","name":"CUMPLEA\u00d1OS DE LUIS - Ayuntamiento de Etxauri","isPartOf":{"@id":"http:\/\/www.etxauri.eus\/es\/#website"},"primaryImageOfPage":{"@id":"http:\/\/www.etxauri.eus\/es\/luisen-urtebetetzea-2\/#primaryimage"},"image":{"@id":"http:\/\/www.etxauri.eus\/es\/luisen-urtebetetzea-2\/#primaryimage"},"thumbnailUrl":"http:\/\/www.etxauri.eus\/wp-content\/uploads\/sites\/103\/2022\/12\/WhatsApp-Image-2022-12-22-at-19.30.00.jpeg","datePublished":"2022-12-28T17:52:13+00:00","dateModified":"2026-03-03T18:58:40+00:00","author":{"@id":"http:\/\/www.etxauri.eus\/es\/#\/schema\/person\/96154b0a2bb433adf5bd83b7b313174d"},"breadcrumb":{"@id":"http:\/\/www.etxauri.eus\/es\/luisen-urtebetetzea-2\/#breadcrumb"},"inLanguage":"es","potentialAction":[{"@type":"ReadAction","target":[["http:\/\/www.etxauri.eus\/es\/luisen-urtebetetzea-2\/"]]}]},{"@type":"ImageObject","inLanguage":"es","@id":"http:\/\/www.etxauri.eus\/es\/luisen-urtebetetzea-2\/#primaryimage","url":"http:\/\/www.etxauri.eus\/wp-content\/uploads\/sites\/103\/2022\/12\/WhatsApp-Image-2022-12-22-at-19.30.00.jpeg","contentUrl":"http:\/\/www.etxauri.eus\/wp-content\/uploads\/sites\/103\/2022\/12\/WhatsApp-Image-2022-12-22-at-19.30.00.jpeg","width":634,"height":675},{"@type":"BreadcrumbList","@id":"http:\/\/www.etxauri.eus\/es\/luisen-urtebetetzea-2\/#breadcrumb","itemListElement":[{"@type":"ListItem","position":1,"name":"Portada","item":"http:\/\/www.etxauri.eus\/es\/"},{"@type":"ListItem","position":2,"name":"CUMPLEA\u00d1OS DE LUIS"}]},{"@type":"WebSite","@id":"http:\/\/www.etxauri.eus\/es\/#website","url":"http:\/\/www.etxauri.eus\/es\/","name":"Ayuntamiento de Etxauri","description":"Ayuntamiento de Etxauri","potentialAction":[{"@type":"SearchAction","target":{"@type":"EntryPoint","urlTemplate":"http:\/\/www.etxauri.eus\/es\/?s={search_term_string}"},"query-input":{"@type":"PropertyValueSpecification","valueRequired":true,"valueName":"search_term_string"}}],"inLanguage":"es"},{"@type":"Person","@id":"http:\/\/www.etxauri.eus\/es\/#\/schema\/person\/96154b0a2bb433adf5bd83b7b313174d","name":"Idoia","image":{"@type":"ImageObject","inLanguage":"es","@id":"http:\/\/www.etxauri.eus\/es\/#\/schema\/person\/image\/","url":"https:\/\/secure.gravatar.com\/avatar\/43ac25bbab66419145c7119afd7f92d8d2c1e0b7c408a3dfba5d33268f3a01fd?s=96&d=mm&r=g","contentUrl":"https:\/\/secure.gravatar.com\/avatar\/43ac25bbab66419145c7119afd7f92d8d2c1e0b7c408a3dfba5d33268f3a01fd?s=96&d=mm&r=g","caption":"Idoia"},"url":"http:\/\/www.etxauri.eus\/es\/author\/exruser1\/"}]}},"_links":{"self":[{"href":"http:\/\/www.etxauri.eus\/es\/wp-json\/wp\/v2\/posts\/13990","targetHints":{"allow":["GET"]}}],"collection":[{"href":"http:\/\/www.etxauri.eus\/es\/wp-json\/wp\/v2\/posts"}],"about":[{"href":"http:\/\/www.etxauri.eus\/es\/wp-json\/wp\/v2\/types\/post"}],"author":[{"embeddable":true,"href":"http:\/\/www.etxauri.eus\/es\/wp-json\/wp\/v2\/users\/281"}],"replies":[{"embeddable":true,"href":"http:\/\/www.etxauri.eus\/es\/wp-json\/wp\/v2\/comments?post=13990"}],"version-history":[{"count":7,"href":"http:\/\/www.etxauri.eus\/es\/wp-json\/wp\/v2\/posts\/13990\/revisions"}],"predecessor-version":[{"id":17475,"href":"http:\/\/www.etxauri.eus\/es\/wp-json\/wp\/v2\/posts\/13990\/revisions\/17475"}],"wp:featuredmedia":[{"embeddable":true,"href":"http:\/\/www.etxauri.eus\/es\/wp-json\/wp\/v2\/media\/13998"}],"wp:attachment":[{"href":"http:\/\/www.etxauri.eus\/es\/wp-json\/wp\/v2\/media?parent=13990"}],"wp:term":[{"taxonomy":"category","embeddable":true,"href":"http:\/\/www.etxauri.eus\/es\/wp-json\/wp\/v2\/categories?post=13990"},{"taxonomy":"post_tag","embeddable":true,"href":"http:\/\/www.etxauri.eus\/es\/wp-json\/wp\/v2\/tags?post=13990"}],"curies":[{"name":"wp","href":"https:\/\/api.w.org\/{rel}","templated":true}]}}