{"id":14227,"date":"2023-12-21T12:46:34","date_gmt":"2023-12-21T11:46:34","guid":{"rendered":"http:\/\/www.etxauri.eus\/?p=14227"},"modified":"2023-12-21T20:21:53","modified_gmt":"2023-12-21T19:21:53","slug":"etxauri-lagunkoia-aurkezpena","status":"publish","type":"post","link":"http:\/\/www.etxauri.eus\/es\/etxauri-lagunkoia-aurkezpena\/","title":{"rendered":"ETXAURI AMIGABLE"},"content":{"rendered":"<p><\/p>\n<h1><span style=\"color: #000000\">Tras una invitaci\u00f3n por la parte organizadora del<\/span> <span style=\"color: #0000ff\"><a style=\"color: #0000ff\" href=\"https:\/\/fundacionpem.org\/experiencias2\/\" target=\"_blank\" rel=\"noopener\"><strong>II Encuentro Nacional de Experiencias de Comunidades Rurales Amigables con las Personas Mayores<\/strong><\/a><\/span><strong>\u00a0<\/strong><span style=\"color: #000000\">que se celebrar\u00e1 en Puente Viesgo (Cantabria), una representaci\u00f3n del grupo motor de<strong> Etxauri Lagunkoia-Amigable<\/strong>, participar\u00e1 el pr\u00f3ximo 1 de diciembre en dicho Encuentro:<\/span><\/h1>\n<p><iframe loading=\"lazy\" title=\"Experiencia de Amigabilidad: Etxauri Amigable con las Personas Mayores\" width=\"700\" height=\"394\" src=\"https:\/\/www.youtube.com\/embed\/QRXJNY107MA?feature=oembed\" frameborder=\"0\" allow=\"accelerometer; autoplay; clipboard-write; encrypted-media; gyroscope; picture-in-picture; web-share\" allowfullscreen><\/iframe><\/p>\n<p><iframe loading=\"lazy\" title=\"Resumen visual del II Encuentro Nacional de Comunidades Rurales Amigables con las Personas Mayores\" width=\"700\" height=\"394\" src=\"https:\/\/www.youtube.com\/embed\/B5CU7cHygiw?feature=oembed\" frameborder=\"0\" allow=\"accelerometer; autoplay; clipboard-write; encrypted-media; gyroscope; picture-in-picture; web-share\" allowfullscreen><\/iframe><\/p>\n<h1><strong><span style=\"color: #ff0000\"><a style=\"color: #ff0000\" href=\"http:\/\/www.etxauri.eus\/wp-content\/uploads\/sites\/103\/2023\/03\/DIAGNOSTICO_compressed.pdf\" class=\"mtli_attachment mtli_pdf\" target=\"_blank\" rel=\"noopener\">DIAGN\u00d3STICO ETXAURI AMIGABLE con las personas mayores<\/a><\/span><\/strong><\/h1>\n<p>&nbsp;<\/p>\n<h1><span style=\"color: #ff0000\"><strong><a style=\"color: #ff0000\" href=\"http:\/\/www.etxauri.eus\/wp-content\/uploads\/sites\/103\/2023\/03\/PLAN-DE-ACCION-froga.pdf\" class=\"mtli_attachment mtli_pdf\">PLAN DE ACCI\u00d3N<\/a><\/strong><\/span><\/h1>\n<p>&nbsp;<\/p>\n<h2><span style=\"color: #008000\"><strong><a style=\"color: #008000\" href=\"http:\/\/www.etxauri.eus\/wp-content\/uploads\/sites\/103\/2023\/03\/TRIPTICO.pdf\" class=\"mtli_attachment mtli_pdf\" target=\"_blank\" rel=\"noopener\">Presentaci\u00f3n del Proyecto<\/a><\/strong><\/span><\/h2>\n<p>&nbsp;<\/p>\n<h1><\/h1>\n<p><\/p>","protected":false},"excerpt":{"rendered":"<p>Tras una invitaci\u00f3n por la parte organizadora del II Encuentro Nacional de Experiencias de Comunidades Rurales Amigables con las Personas Mayores\u00a0que se celebrar\u00e1 en Puente Viesgo (Cantabria), una representaci\u00f3n del grupo motor de Etxauri Lagunkoia-Amigable, participar\u00e1 el pr\u00f3ximo 1 de&hellip; <\/p>\n","protected":false},"author":281,"featured_media":14231,"comment_status":"closed","ping_status":"closed","sticky":false,"template":"","format":"standard","meta":{"_monsterinsights_skip_tracking":false,"_monsterinsights_sitenote_active":false,"_monsterinsights_sitenote_note":"","_monsterinsights_sitenote_category":0,"footnotes":""},"categories":[1,36],"tags":[],"class_list":["post-14227","post","type-post","status-publish","format-standard","has-post-thumbnail","hentry","category-agenda","category-actividades"],"yoast_head":"<!-- This site is optimized with the Yoast SEO plugin v26.8 - https:\/\/yoast.com\/product\/yoast-seo-wordpress\/ -->\r\n<title>ETXAURI AMIGABLE - Ayuntamiento de Etxauri<\/title>\r\n<meta name=\"robots\" content=\"index, follow, max-snippet:-1, max-image-preview:large, max-video-preview:-1\" \/>\r\n<link rel=\"canonical\" href=\"http:\/\/www.etxauri.eus\/es\/etxauri-lagunkoia-aurkezpena\/\" \/>\r\n<meta property=\"og:locale\" content=\"es_ES\" \/>\r\n<meta property=\"og:type\" content=\"article\" \/>\r\n<meta property=\"og:title\" content=\"ETXAURI AMIGABLE - Ayuntamiento de Etxauri\" \/>\r\n<meta property=\"og:description\" content=\"Tras una invitaci\u00f3n por la parte organizadora del II Encuentro Nacional de Experiencias de Comunidades Rurales Amigables con las Personas Mayores\u00a0que se celebrar\u00e1 en Puente Viesgo (Cantabria), una representaci\u00f3n del grupo motor de Etxauri Lagunkoia-Amigable, participar\u00e1 el pr\u00f3ximo 1 de&hellip;\" \/>\r\n<meta property=\"og:url\" content=\"http:\/\/www.etxauri.eus\/es\/etxauri-lagunkoia-aurkezpena\/\" \/>\r\n<meta property=\"og:site_name\" content=\"Ayuntamiento de Etxauri\" \/>\r\n<meta property=\"article:published_time\" content=\"2023-12-21T11:46:34+00:00\" \/>\r\n<meta property=\"article:modified_time\" content=\"2023-12-21T19:21:53+00:00\" \/>\r\n<meta property=\"og:image\" content=\"http:\/\/www.etxauri.eus\/wp-content\/uploads\/sites\/103\/2023\/03\/lagunkoia-cas_page-0001-1.jpg\" \/>\r\n\t<meta property=\"og:image:width\" content=\"336\" \/>\r\n\t<meta property=\"og:image:height\" content=\"165\" \/>\r\n\t<meta property=\"og:image:type\" content=\"image\/jpeg\" \/>\r\n<meta name=\"author\" content=\"Idoia\" \/>\r\n<meta name=\"twitter:card\" content=\"summary_large_image\" \/>\r\n<meta name=\"twitter:label1\" content=\"Escrito por\" \/>\n\t<meta name=\"twitter:data1\" content=\"Idoia\" \/>\n\t<meta name=\"twitter:label2\" content=\"Tiempo de lectura\" \/>\n\t<meta name=\"twitter:data2\" content=\"1 minuto\" \/>\r\n<script type=\"application\/ld+json\" class=\"yoast-schema-graph\">{\"@context\":\"https:\/\/schema.org\",\"@graph\":[{\"@type\":\"Article\",\"@id\":\"http:\/\/www.etxauri.eus\/es\/etxauri-lagunkoia-aurkezpena\/#article\",\"isPartOf\":{\"@id\":\"http:\/\/www.etxauri.eus\/es\/etxauri-lagunkoia-aurkezpena\/\"},\"author\":{\"name\":\"Idoia\",\"@id\":\"http:\/\/www.etxauri.eus\/es\/#\/schema\/person\/96154b0a2bb433adf5bd83b7b313174d\"},\"headline\":\"ETXAURI AMIGABLE\",\"datePublished\":\"2023-12-21T11:46:34+00:00\",\"dateModified\":\"2023-12-21T19:21:53+00:00\",\"mainEntityOfPage\":{\"@id\":\"http:\/\/www.etxauri.eus\/es\/etxauri-lagunkoia-aurkezpena\/\"},\"wordCount\":153,\"image\":{\"@id\":\"http:\/\/www.etxauri.eus\/es\/etxauri-lagunkoia-aurkezpena\/#primaryimage\"},\"thumbnailUrl\":\"http:\/\/www.etxauri.eus\/wp-content\/uploads\/sites\/103\/2023\/03\/lagunkoia-cas_page-0001-1.jpg\",\"articleSection\":[\"Agenda.\",\"Actividades\"],\"inLanguage\":\"es\"},{\"@type\":\"WebPage\",\"@id\":\"http:\/\/www.etxauri.eus\/es\/etxauri-lagunkoia-aurkezpena\/\",\"url\":\"http:\/\/www.etxauri.eus\/es\/etxauri-lagunkoia-aurkezpena\/\",\"name\":\"ETXAURI AMIGABLE - Ayuntamiento de Etxauri\",\"isPartOf\":{\"@id\":\"http:\/\/www.etxauri.eus\/es\/#website\"},\"primaryImageOfPage\":{\"@id\":\"http:\/\/www.etxauri.eus\/es\/etxauri-lagunkoia-aurkezpena\/#primaryimage\"},\"image\":{\"@id\":\"http:\/\/www.etxauri.eus\/es\/etxauri-lagunkoia-aurkezpena\/#primaryimage\"},\"thumbnailUrl\":\"http:\/\/www.etxauri.eus\/wp-content\/uploads\/sites\/103\/2023\/03\/lagunkoia-cas_page-0001-1.jpg\",\"datePublished\":\"2023-12-21T11:46:34+00:00\",\"dateModified\":\"2023-12-21T19:21:53+00:00\",\"author\":{\"@id\":\"http:\/\/www.etxauri.eus\/es\/#\/schema\/person\/96154b0a2bb433adf5bd83b7b313174d\"},\"breadcrumb\":{\"@id\":\"http:\/\/www.etxauri.eus\/es\/etxauri-lagunkoia-aurkezpena\/#breadcrumb\"},\"inLanguage\":\"es\",\"potentialAction\":[{\"@type\":\"ReadAction\",\"target\":[[\"http:\/\/www.etxauri.eus\/es\/etxauri-lagunkoia-aurkezpena\/\"]]}]},{\"@type\":\"ImageObject\",\"inLanguage\":\"es\",\"@id\":\"http:\/\/www.etxauri.eus\/es\/etxauri-lagunkoia-aurkezpena\/#primaryimage\",\"url\":\"http:\/\/www.etxauri.eus\/wp-content\/uploads\/sites\/103\/2023\/03\/lagunkoia-cas_page-0001-1.jpg\",\"contentUrl\":\"http:\/\/www.etxauri.eus\/wp-content\/uploads\/sites\/103\/2023\/03\/lagunkoia-cas_page-0001-1.jpg\",\"width\":336,\"height\":165},{\"@type\":\"BreadcrumbList\",\"@id\":\"http:\/\/www.etxauri.eus\/es\/etxauri-lagunkoia-aurkezpena\/#breadcrumb\",\"itemListElement\":[{\"@type\":\"ListItem\",\"position\":1,\"name\":\"Portada\",\"item\":\"http:\/\/www.etxauri.eus\/es\/\"},{\"@type\":\"ListItem\",\"position\":2,\"name\":\"ETXAURI AMIGABLE\"}]},{\"@type\":\"WebSite\",\"@id\":\"http:\/\/www.etxauri.eus\/es\/#website\",\"url\":\"http:\/\/www.etxauri.eus\/es\/\",\"name\":\"Ayuntamiento de Etxauri\",\"description\":\"Ayuntamiento de Etxauri\",\"potentialAction\":[{\"@type\":\"SearchAction\",\"target\":{\"@type\":\"EntryPoint\",\"urlTemplate\":\"http:\/\/www.etxauri.eus\/es\/?s={search_term_string}\"},\"query-input\":{\"@type\":\"PropertyValueSpecification\",\"valueRequired\":true,\"valueName\":\"search_term_string\"}}],\"inLanguage\":\"es\"},{\"@type\":\"Person\",\"@id\":\"http:\/\/www.etxauri.eus\/es\/#\/schema\/person\/96154b0a2bb433adf5bd83b7b313174d\",\"name\":\"Idoia\",\"image\":{\"@type\":\"ImageObject\",\"inLanguage\":\"es\",\"@id\":\"http:\/\/www.etxauri.eus\/es\/#\/schema\/person\/image\/\",\"url\":\"https:\/\/secure.gravatar.com\/avatar\/43ac25bbab66419145c7119afd7f92d8d2c1e0b7c408a3dfba5d33268f3a01fd?s=96&d=mm&r=g\",\"contentUrl\":\"https:\/\/secure.gravatar.com\/avatar\/43ac25bbab66419145c7119afd7f92d8d2c1e0b7c408a3dfba5d33268f3a01fd?s=96&d=mm&r=g\",\"caption\":\"Idoia\"},\"url\":\"http:\/\/www.etxauri.eus\/es\/author\/exruser1\/\"}]}<\/script>\r\n<!-- \/ Yoast SEO plugin. -->","yoast_head_json":{"title":"ETXAURI AMIGABLE - Ayuntamiento de Etxauri","robots":{"index":"index","follow":"follow","max-snippet":"max-snippet:-1","max-image-preview":"max-image-preview:large","max-video-preview":"max-video-preview:-1"},"canonical":"http:\/\/www.etxauri.eus\/es\/etxauri-lagunkoia-aurkezpena\/","og_locale":"es_ES","og_type":"article","og_title":"ETXAURI AMIGABLE - Ayuntamiento de Etxauri","og_description":"Tras una invitaci\u00f3n por la parte organizadora del II Encuentro Nacional de Experiencias de Comunidades Rurales Amigables con las Personas Mayores\u00a0que se celebrar\u00e1 en Puente Viesgo (Cantabria), una representaci\u00f3n del grupo motor de Etxauri Lagunkoia-Amigable, participar\u00e1 el pr\u00f3ximo 1 de&hellip;","og_url":"http:\/\/www.etxauri.eus\/es\/etxauri-lagunkoia-aurkezpena\/","og_site_name":"Ayuntamiento de Etxauri","article_published_time":"2023-12-21T11:46:34+00:00","article_modified_time":"2023-12-21T19:21:53+00:00","og_image":[{"width":336,"height":165,"url":"http:\/\/www.etxauri.eus\/wp-content\/uploads\/sites\/103\/2023\/03\/lagunkoia-cas_page-0001-1.jpg","type":"image\/jpeg"}],"author":"Idoia","twitter_card":"summary_large_image","twitter_misc":{"Escrito por":"Idoia","Tiempo de lectura":"1 minuto"},"schema":{"@context":"https:\/\/schema.org","@graph":[{"@type":"Article","@id":"http:\/\/www.etxauri.eus\/es\/etxauri-lagunkoia-aurkezpena\/#article","isPartOf":{"@id":"http:\/\/www.etxauri.eus\/es\/etxauri-lagunkoia-aurkezpena\/"},"author":{"name":"Idoia","@id":"http:\/\/www.etxauri.eus\/es\/#\/schema\/person\/96154b0a2bb433adf5bd83b7b313174d"},"headline":"ETXAURI AMIGABLE","datePublished":"2023-12-21T11:46:34+00:00","dateModified":"2023-12-21T19:21:53+00:00","mainEntityOfPage":{"@id":"http:\/\/www.etxauri.eus\/es\/etxauri-lagunkoia-aurkezpena\/"},"wordCount":153,"image":{"@id":"http:\/\/www.etxauri.eus\/es\/etxauri-lagunkoia-aurkezpena\/#primaryimage"},"thumbnailUrl":"http:\/\/www.etxauri.eus\/wp-content\/uploads\/sites\/103\/2023\/03\/lagunkoia-cas_page-0001-1.jpg","articleSection":["Agenda.","Actividades"],"inLanguage":"es"},{"@type":"WebPage","@id":"http:\/\/www.etxauri.eus\/es\/etxauri-lagunkoia-aurkezpena\/","url":"http:\/\/www.etxauri.eus\/es\/etxauri-lagunkoia-aurkezpena\/","name":"ETXAURI AMIGABLE - Ayuntamiento de Etxauri","isPartOf":{"@id":"http:\/\/www.etxauri.eus\/es\/#website"},"primaryImageOfPage":{"@id":"http:\/\/www.etxauri.eus\/es\/etxauri-lagunkoia-aurkezpena\/#primaryimage"},"image":{"@id":"http:\/\/www.etxauri.eus\/es\/etxauri-lagunkoia-aurkezpena\/#primaryimage"},"thumbnailUrl":"http:\/\/www.etxauri.eus\/wp-content\/uploads\/sites\/103\/2023\/03\/lagunkoia-cas_page-0001-1.jpg","datePublished":"2023-12-21T11:46:34+00:00","dateModified":"2023-12-21T19:21:53+00:00","author":{"@id":"http:\/\/www.etxauri.eus\/es\/#\/schema\/person\/96154b0a2bb433adf5bd83b7b313174d"},"breadcrumb":{"@id":"http:\/\/www.etxauri.eus\/es\/etxauri-lagunkoia-aurkezpena\/#breadcrumb"},"inLanguage":"es","potentialAction":[{"@type":"ReadAction","target":[["http:\/\/www.etxauri.eus\/es\/etxauri-lagunkoia-aurkezpena\/"]]}]},{"@type":"ImageObject","inLanguage":"es","@id":"http:\/\/www.etxauri.eus\/es\/etxauri-lagunkoia-aurkezpena\/#primaryimage","url":"http:\/\/www.etxauri.eus\/wp-content\/uploads\/sites\/103\/2023\/03\/lagunkoia-cas_page-0001-1.jpg","contentUrl":"http:\/\/www.etxauri.eus\/wp-content\/uploads\/sites\/103\/2023\/03\/lagunkoia-cas_page-0001-1.jpg","width":336,"height":165},{"@type":"BreadcrumbList","@id":"http:\/\/www.etxauri.eus\/es\/etxauri-lagunkoia-aurkezpena\/#breadcrumb","itemListElement":[{"@type":"ListItem","position":1,"name":"Portada","item":"http:\/\/www.etxauri.eus\/es\/"},{"@type":"ListItem","position":2,"name":"ETXAURI AMIGABLE"}]},{"@type":"WebSite","@id":"http:\/\/www.etxauri.eus\/es\/#website","url":"http:\/\/www.etxauri.eus\/es\/","name":"Ayuntamiento de Etxauri","description":"Ayuntamiento de Etxauri","potentialAction":[{"@type":"SearchAction","target":{"@type":"EntryPoint","urlTemplate":"http:\/\/www.etxauri.eus\/es\/?s={search_term_string}"},"query-input":{"@type":"PropertyValueSpecification","valueRequired":true,"valueName":"search_term_string"}}],"inLanguage":"es"},{"@type":"Person","@id":"http:\/\/www.etxauri.eus\/es\/#\/schema\/person\/96154b0a2bb433adf5bd83b7b313174d","name":"Idoia","image":{"@type":"ImageObject","inLanguage":"es","@id":"http:\/\/www.etxauri.eus\/es\/#\/schema\/person\/image\/","url":"https:\/\/secure.gravatar.com\/avatar\/43ac25bbab66419145c7119afd7f92d8d2c1e0b7c408a3dfba5d33268f3a01fd?s=96&d=mm&r=g","contentUrl":"https:\/\/secure.gravatar.com\/avatar\/43ac25bbab66419145c7119afd7f92d8d2c1e0b7c408a3dfba5d33268f3a01fd?s=96&d=mm&r=g","caption":"Idoia"},"url":"http:\/\/www.etxauri.eus\/es\/author\/exruser1\/"}]}},"_links":{"self":[{"href":"http:\/\/www.etxauri.eus\/es\/wp-json\/wp\/v2\/posts\/14227","targetHints":{"allow":["GET"]}}],"collection":[{"href":"http:\/\/www.etxauri.eus\/es\/wp-json\/wp\/v2\/posts"}],"about":[{"href":"http:\/\/www.etxauri.eus\/es\/wp-json\/wp\/v2\/types\/post"}],"author":[{"embeddable":true,"href":"http:\/\/www.etxauri.eus\/es\/wp-json\/wp\/v2\/users\/281"}],"replies":[{"embeddable":true,"href":"http:\/\/www.etxauri.eus\/es\/wp-json\/wp\/v2\/comments?post=14227"}],"version-history":[{"count":13,"href":"http:\/\/www.etxauri.eus\/es\/wp-json\/wp\/v2\/posts\/14227\/revisions"}],"predecessor-version":[{"id":15389,"href":"http:\/\/www.etxauri.eus\/es\/wp-json\/wp\/v2\/posts\/14227\/revisions\/15389"}],"wp:featuredmedia":[{"embeddable":true,"href":"http:\/\/www.etxauri.eus\/es\/wp-json\/wp\/v2\/media\/14231"}],"wp:attachment":[{"href":"http:\/\/www.etxauri.eus\/es\/wp-json\/wp\/v2\/media?parent=14227"}],"wp:term":[{"taxonomy":"category","embeddable":true,"href":"http:\/\/www.etxauri.eus\/es\/wp-json\/wp\/v2\/categories?post=14227"},{"taxonomy":"post_tag","embeddable":true,"href":"http:\/\/www.etxauri.eus\/es\/wp-json\/wp\/v2\/tags?post=14227"}],"curies":[{"name":"wp","href":"https:\/\/api.w.org\/{rel}","templated":true}]}}