{"id":14547,"date":"2024-01-02T09:08:18","date_gmt":"2024-01-02T08:08:18","guid":{"rendered":"http:\/\/www.etxauri.eus\/?p=14547"},"modified":"2024-01-04T21:20:58","modified_gmt":"2024-01-04T20:20:58","slug":"etxauri-haraneko-baso-suteen-aurrean-paisaia-erresilienteak","status":"publish","type":"post","link":"http:\/\/www.etxauri.eus\/es\/etxauri-haraneko-baso-suteen-aurrean-paisaia-erresilienteak\/","title":{"rendered":"PAISAJES RESILIENTES ANTE LOS INCENDIOS FORESTALES EN EL VALLE DE ETXAURI"},"content":{"rendered":"<p><\/p>\n<h1><span style=\"color: #008000\"><strong><a style=\"color: #008000\" href=\"http:\/\/www.etxauri.eus\/wp-content\/uploads\/sites\/103\/2023\/08\/INFORME_ETXAURI_22_11_2023.pdf\" class=\"mtli_attachment mtli_pdf\" target=\"_blank\" rel=\"noopener\">INFORME: \u00abDiagn\u00f3stico de puntos estrat\u00e9gicos de gesti\u00f3n en la propagaci\u00f3n de incendios forestales y directrices generales de gesti\u00f3n agro-silvopastoral para su prevenci\u00f3n en el Valle de Etxauri\u00bb<\/a><\/strong><\/span><\/h1>\n<p>&nbsp;<\/p>\n<h1><strong><span style=\"color: #ff0000\"><a style=\"color: #ff0000\" href=\"http:\/\/www.etxauri.eus\/wp-content\/uploads\/sites\/103\/2023\/12\/Plano-Area-de-Estudio-ORIGINAL-2.pdf\" class=\"mtli_attachment mtli_pdf\" target=\"_blank\" rel=\"noopener\">Plano \u00c1rea de Estudio<\/a><\/span><\/strong><\/h1>\n<h1><strong><span style=\"color: #ff0000\"><a style=\"color: #ff0000\" href=\"http:\/\/www.etxauri.eus\/wp-content\/uploads\/sites\/103\/2023\/12\/Plano-Zonas-Riesgo-ORIGINAL-2.pdf\" class=\"mtli_attachment mtli_pdf\" target=\"_blank\" rel=\"noopener\">Plano Zonas Riesgo<\/a><\/span><\/strong><\/h1>\n<h1><strong><span style=\"color: #ff0000\"><a style=\"color: #ff0000\" href=\"http:\/\/www.etxauri.eus\/wp-content\/uploads\/sites\/103\/2023\/12\/Plano-Topografico-ORIGINAL-2.pdf\" class=\"mtli_attachment mtli_pdf\" target=\"_blank\" rel=\"noopener\">Plano Topogr\u00e1fico<\/a><\/span><\/strong><\/h1>\n<p>&nbsp;<\/p>\n<p>&nbsp;<\/p>\n<p>&nbsp;<\/p>\n<p style=\"text-align: left\">Recientemente, Gobierno de Navarra a trav\u00e9s de las subvenciones para la Agenda Local 2030, ha dotado se recursos econ\u00f3micos a los ayuntamientos del valle de Etxauri para realizar el siguiente estudio a lo largo de 2023: <strong>Diagn\u00f3stico de \u00e1reas cr\u00edticas en la propagaci\u00f3n de incendios forestales y directrices generales de gesti\u00f3n agro-silvo pastoral para su prevenci\u00f3n en los municipios de Etxauri, Ciriza, Etxarri, Bidaurreta, Beraskoain y Zabalza (Valle de Etxauri).<\/strong><\/p>\n<p style=\"text-align: left\">El objetivo del trabajo es la <strong>localizaci\u00f3n de zonas cr\u00edticas en la propagaci\u00f3n<\/strong> de incendios, es decir, \u00e1reas fuera capacidad de extinci\u00f3n, la determinaci\u00f3n de <strong>puntos estrat\u00e9gicos de gesti\u00f3n<\/strong> para reducir la posibilidad de propagaci\u00f3n y el establecimiento de unas directrices generales de gesti\u00f3n ago-silvo-pastorales de dichos puntos estrat\u00e9gicos.<br \/>\nEn esencia, se trata de diagnosticar y proponer modos de gesti\u00f3n territorial agrosilvopastorales con el objeto de configurar paisajes resilientes en el Valle de Etxauri, o lo que se viene denominando \u00faltimamente \u201cpaisajes cortafuegos\u201d.<\/p>\n<p style=\"text-align: left\"><strong>M\u00e1s informaci\u00f3n<\/strong>: memoria que se present\u00f3 a la subvenci\u00f3n<\/p>\n<h1><span style=\"color: #ff0000\"><strong><a style=\"color: #ff0000\" href=\"http:\/\/www.etxauri.eus\/wp-content\/uploads\/sites\/103\/2023\/05\/Memoria_PAISAJES-RESILIENTES-VALLE-DE-ETXAURI.docx.pdf\" class=\"mtli_attachment mtli_pdf\" target=\"_blank\" rel=\"noopener\">Memoria PAISAJES RESILIENTES VALLE DE ETXAURI<\/a><\/strong><\/span><\/h1>\n<p>&nbsp;<\/p>\n<p>&nbsp;<\/p>","protected":false},"excerpt":{"rendered":"<p>INFORME: \u00abDiagn\u00f3stico de puntos estrat\u00e9gicos de gesti\u00f3n en la propagaci\u00f3n de incendios forestales y directrices generales de gesti\u00f3n agro-silvopastoral para su prevenci\u00f3n en el Valle de Etxauri\u00bb &nbsp; Plano \u00c1rea de Estudio Plano Zonas Riesgo Plano Topogr\u00e1fico &nbsp; &nbsp; &nbsp;&hellip; <\/p>\n","protected":false},"author":281,"featured_media":14552,"comment_status":"closed","ping_status":"closed","sticky":false,"template":"","format":"standard","meta":{"_monsterinsights_skip_tracking":false,"_monsterinsights_sitenote_active":false,"_monsterinsights_sitenote_note":"","_monsterinsights_sitenote_category":0,"footnotes":""},"categories":[1],"tags":[],"class_list":["post-14547","post","type-post","status-publish","format-standard","has-post-thumbnail","hentry","category-agenda"],"yoast_head":"<!-- This site is optimized with the Yoast SEO plugin v26.8 - https:\/\/yoast.com\/product\/yoast-seo-wordpress\/ -->\r\n<title>PAISAJES RESILIENTES ANTE LOS INCENDIOS FORESTALES EN EL VALLE DE ETXAURI - Ayuntamiento de Etxauri<\/title>\r\n<meta name=\"robots\" content=\"index, follow, max-snippet:-1, max-image-preview:large, max-video-preview:-1\" \/>\r\n<link rel=\"canonical\" href=\"http:\/\/www.etxauri.eus\/es\/etxauri-haraneko-baso-suteen-aurrean-paisaia-erresilienteak\/\" \/>\r\n<meta property=\"og:locale\" content=\"es_ES\" \/>\r\n<meta property=\"og:type\" content=\"article\" \/>\r\n<meta property=\"og:title\" content=\"PAISAJES RESILIENTES ANTE LOS INCENDIOS FORESTALES EN EL VALLE DE ETXAURI - Ayuntamiento de Etxauri\" \/>\r\n<meta property=\"og:description\" content=\"INFORME: \u00abDiagn\u00f3stico de puntos estrat\u00e9gicos de gesti\u00f3n en la propagaci\u00f3n de incendios forestales y directrices generales de gesti\u00f3n agro-silvopastoral para su prevenci\u00f3n en el Valle de Etxauri\u00bb &nbsp; Plano \u00c1rea de Estudio Plano Zonas Riesgo Plano Topogr\u00e1fico &nbsp; &nbsp; &nbsp;&hellip;\" \/>\r\n<meta property=\"og:url\" content=\"http:\/\/www.etxauri.eus\/es\/etxauri-haraneko-baso-suteen-aurrean-paisaia-erresilienteak\/\" \/>\r\n<meta property=\"og:site_name\" content=\"Ayuntamiento de Etxauri\" \/>\r\n<meta property=\"article:published_time\" content=\"2024-01-02T08:08:18+00:00\" \/>\r\n<meta property=\"article:modified_time\" content=\"2024-01-04T20:20:58+00:00\" \/>\r\n<meta property=\"og:image\" content=\"http:\/\/www.etxauri.eus\/wp-content\/uploads\/sites\/103\/2023\/05\/el-corral.jpeg\" \/>\r\n\t<meta property=\"og:image:width\" content=\"314\" \/>\r\n\t<meta property=\"og:image:height\" content=\"184\" \/>\r\n\t<meta property=\"og:image:type\" content=\"image\/jpeg\" \/>\r\n<meta name=\"author\" content=\"Idoia\" \/>\r\n<meta name=\"twitter:card\" content=\"summary_large_image\" \/>\r\n<meta name=\"twitter:label1\" content=\"Escrito por\" \/>\n\t<meta name=\"twitter:data1\" content=\"Idoia\" \/>\n\t<meta name=\"twitter:label2\" content=\"Tiempo de lectura\" \/>\n\t<meta name=\"twitter:data2\" content=\"2 minutos\" \/>\r\n<script type=\"application\/ld+json\" class=\"yoast-schema-graph\">{\"@context\":\"https:\/\/schema.org\",\"@graph\":[{\"@type\":\"Article\",\"@id\":\"http:\/\/www.etxauri.eus\/es\/etxauri-haraneko-baso-suteen-aurrean-paisaia-erresilienteak\/#article\",\"isPartOf\":{\"@id\":\"http:\/\/www.etxauri.eus\/es\/etxauri-haraneko-baso-suteen-aurrean-paisaia-erresilienteak\/\"},\"author\":{\"name\":\"Idoia\",\"@id\":\"http:\/\/www.etxauri.eus\/es\/#\/schema\/person\/96154b0a2bb433adf5bd83b7b313174d\"},\"headline\":\"PAISAJES RESILIENTES ANTE LOS INCENDIOS FORESTALES EN EL VALLE DE ETXAURI\",\"datePublished\":\"2024-01-02T08:08:18+00:00\",\"dateModified\":\"2024-01-04T20:20:58+00:00\",\"mainEntityOfPage\":{\"@id\":\"http:\/\/www.etxauri.eus\/es\/etxauri-haraneko-baso-suteen-aurrean-paisaia-erresilienteak\/\"},\"wordCount\":407,\"image\":{\"@id\":\"http:\/\/www.etxauri.eus\/es\/etxauri-haraneko-baso-suteen-aurrean-paisaia-erresilienteak\/#primaryimage\"},\"thumbnailUrl\":\"http:\/\/www.etxauri.eus\/wp-content\/uploads\/sites\/103\/2023\/05\/el-corral.jpeg\",\"articleSection\":[\"Agenda.\"],\"inLanguage\":\"es\"},{\"@type\":\"WebPage\",\"@id\":\"http:\/\/www.etxauri.eus\/es\/etxauri-haraneko-baso-suteen-aurrean-paisaia-erresilienteak\/\",\"url\":\"http:\/\/www.etxauri.eus\/es\/etxauri-haraneko-baso-suteen-aurrean-paisaia-erresilienteak\/\",\"name\":\"PAISAJES RESILIENTES ANTE LOS INCENDIOS FORESTALES EN EL VALLE DE ETXAURI - Ayuntamiento de Etxauri\",\"isPartOf\":{\"@id\":\"http:\/\/www.etxauri.eus\/es\/#website\"},\"primaryImageOfPage\":{\"@id\":\"http:\/\/www.etxauri.eus\/es\/etxauri-haraneko-baso-suteen-aurrean-paisaia-erresilienteak\/#primaryimage\"},\"image\":{\"@id\":\"http:\/\/www.etxauri.eus\/es\/etxauri-haraneko-baso-suteen-aurrean-paisaia-erresilienteak\/#primaryimage\"},\"thumbnailUrl\":\"http:\/\/www.etxauri.eus\/wp-content\/uploads\/sites\/103\/2023\/05\/el-corral.jpeg\",\"datePublished\":\"2024-01-02T08:08:18+00:00\",\"dateModified\":\"2024-01-04T20:20:58+00:00\",\"author\":{\"@id\":\"http:\/\/www.etxauri.eus\/es\/#\/schema\/person\/96154b0a2bb433adf5bd83b7b313174d\"},\"breadcrumb\":{\"@id\":\"http:\/\/www.etxauri.eus\/es\/etxauri-haraneko-baso-suteen-aurrean-paisaia-erresilienteak\/#breadcrumb\"},\"inLanguage\":\"es\",\"potentialAction\":[{\"@type\":\"ReadAction\",\"target\":[[\"http:\/\/www.etxauri.eus\/es\/etxauri-haraneko-baso-suteen-aurrean-paisaia-erresilienteak\/\"]]}]},{\"@type\":\"ImageObject\",\"inLanguage\":\"es\",\"@id\":\"http:\/\/www.etxauri.eus\/es\/etxauri-haraneko-baso-suteen-aurrean-paisaia-erresilienteak\/#primaryimage\",\"url\":\"http:\/\/www.etxauri.eus\/wp-content\/uploads\/sites\/103\/2023\/05\/el-corral.jpeg\",\"contentUrl\":\"http:\/\/www.etxauri.eus\/wp-content\/uploads\/sites\/103\/2023\/05\/el-corral.jpeg\",\"width\":314,\"height\":184},{\"@type\":\"BreadcrumbList\",\"@id\":\"http:\/\/www.etxauri.eus\/es\/etxauri-haraneko-baso-suteen-aurrean-paisaia-erresilienteak\/#breadcrumb\",\"itemListElement\":[{\"@type\":\"ListItem\",\"position\":1,\"name\":\"Portada\",\"item\":\"http:\/\/www.etxauri.eus\/es\/\"},{\"@type\":\"ListItem\",\"position\":2,\"name\":\"PAISAJES RESILIENTES ANTE LOS INCENDIOS FORESTALES EN EL VALLE DE ETXAURI\"}]},{\"@type\":\"WebSite\",\"@id\":\"http:\/\/www.etxauri.eus\/es\/#website\",\"url\":\"http:\/\/www.etxauri.eus\/es\/\",\"name\":\"Ayuntamiento de Etxauri\",\"description\":\"Ayuntamiento de Etxauri\",\"potentialAction\":[{\"@type\":\"SearchAction\",\"target\":{\"@type\":\"EntryPoint\",\"urlTemplate\":\"http:\/\/www.etxauri.eus\/es\/?s={search_term_string}\"},\"query-input\":{\"@type\":\"PropertyValueSpecification\",\"valueRequired\":true,\"valueName\":\"search_term_string\"}}],\"inLanguage\":\"es\"},{\"@type\":\"Person\",\"@id\":\"http:\/\/www.etxauri.eus\/es\/#\/schema\/person\/96154b0a2bb433adf5bd83b7b313174d\",\"name\":\"Idoia\",\"image\":{\"@type\":\"ImageObject\",\"inLanguage\":\"es\",\"@id\":\"http:\/\/www.etxauri.eus\/es\/#\/schema\/person\/image\/\",\"url\":\"https:\/\/secure.gravatar.com\/avatar\/43ac25bbab66419145c7119afd7f92d8d2c1e0b7c408a3dfba5d33268f3a01fd?s=96&d=mm&r=g\",\"contentUrl\":\"https:\/\/secure.gravatar.com\/avatar\/43ac25bbab66419145c7119afd7f92d8d2c1e0b7c408a3dfba5d33268f3a01fd?s=96&d=mm&r=g\",\"caption\":\"Idoia\"},\"url\":\"http:\/\/www.etxauri.eus\/es\/author\/exruser1\/\"}]}<\/script>\r\n<!-- \/ Yoast SEO plugin. -->","yoast_head_json":{"title":"PAISAJES RESILIENTES ANTE LOS INCENDIOS FORESTALES EN EL VALLE DE ETXAURI - Ayuntamiento de Etxauri","robots":{"index":"index","follow":"follow","max-snippet":"max-snippet:-1","max-image-preview":"max-image-preview:large","max-video-preview":"max-video-preview:-1"},"canonical":"http:\/\/www.etxauri.eus\/es\/etxauri-haraneko-baso-suteen-aurrean-paisaia-erresilienteak\/","og_locale":"es_ES","og_type":"article","og_title":"PAISAJES RESILIENTES ANTE LOS INCENDIOS FORESTALES EN EL VALLE DE ETXAURI - Ayuntamiento de Etxauri","og_description":"INFORME: \u00abDiagn\u00f3stico de puntos estrat\u00e9gicos de gesti\u00f3n en la propagaci\u00f3n de incendios forestales y directrices generales de gesti\u00f3n agro-silvopastoral para su prevenci\u00f3n en el Valle de Etxauri\u00bb &nbsp; Plano \u00c1rea de Estudio Plano Zonas Riesgo Plano Topogr\u00e1fico &nbsp; &nbsp; &nbsp;&hellip;","og_url":"http:\/\/www.etxauri.eus\/es\/etxauri-haraneko-baso-suteen-aurrean-paisaia-erresilienteak\/","og_site_name":"Ayuntamiento de Etxauri","article_published_time":"2024-01-02T08:08:18+00:00","article_modified_time":"2024-01-04T20:20:58+00:00","og_image":[{"width":314,"height":184,"url":"http:\/\/www.etxauri.eus\/wp-content\/uploads\/sites\/103\/2023\/05\/el-corral.jpeg","type":"image\/jpeg"}],"author":"Idoia","twitter_card":"summary_large_image","twitter_misc":{"Escrito por":"Idoia","Tiempo de lectura":"2 minutos"},"schema":{"@context":"https:\/\/schema.org","@graph":[{"@type":"Article","@id":"http:\/\/www.etxauri.eus\/es\/etxauri-haraneko-baso-suteen-aurrean-paisaia-erresilienteak\/#article","isPartOf":{"@id":"http:\/\/www.etxauri.eus\/es\/etxauri-haraneko-baso-suteen-aurrean-paisaia-erresilienteak\/"},"author":{"name":"Idoia","@id":"http:\/\/www.etxauri.eus\/es\/#\/schema\/person\/96154b0a2bb433adf5bd83b7b313174d"},"headline":"PAISAJES RESILIENTES ANTE LOS INCENDIOS FORESTALES EN EL VALLE DE ETXAURI","datePublished":"2024-01-02T08:08:18+00:00","dateModified":"2024-01-04T20:20:58+00:00","mainEntityOfPage":{"@id":"http:\/\/www.etxauri.eus\/es\/etxauri-haraneko-baso-suteen-aurrean-paisaia-erresilienteak\/"},"wordCount":407,"image":{"@id":"http:\/\/www.etxauri.eus\/es\/etxauri-haraneko-baso-suteen-aurrean-paisaia-erresilienteak\/#primaryimage"},"thumbnailUrl":"http:\/\/www.etxauri.eus\/wp-content\/uploads\/sites\/103\/2023\/05\/el-corral.jpeg","articleSection":["Agenda."],"inLanguage":"es"},{"@type":"WebPage","@id":"http:\/\/www.etxauri.eus\/es\/etxauri-haraneko-baso-suteen-aurrean-paisaia-erresilienteak\/","url":"http:\/\/www.etxauri.eus\/es\/etxauri-haraneko-baso-suteen-aurrean-paisaia-erresilienteak\/","name":"PAISAJES RESILIENTES ANTE LOS INCENDIOS FORESTALES EN EL VALLE DE ETXAURI - Ayuntamiento de Etxauri","isPartOf":{"@id":"http:\/\/www.etxauri.eus\/es\/#website"},"primaryImageOfPage":{"@id":"http:\/\/www.etxauri.eus\/es\/etxauri-haraneko-baso-suteen-aurrean-paisaia-erresilienteak\/#primaryimage"},"image":{"@id":"http:\/\/www.etxauri.eus\/es\/etxauri-haraneko-baso-suteen-aurrean-paisaia-erresilienteak\/#primaryimage"},"thumbnailUrl":"http:\/\/www.etxauri.eus\/wp-content\/uploads\/sites\/103\/2023\/05\/el-corral.jpeg","datePublished":"2024-01-02T08:08:18+00:00","dateModified":"2024-01-04T20:20:58+00:00","author":{"@id":"http:\/\/www.etxauri.eus\/es\/#\/schema\/person\/96154b0a2bb433adf5bd83b7b313174d"},"breadcrumb":{"@id":"http:\/\/www.etxauri.eus\/es\/etxauri-haraneko-baso-suteen-aurrean-paisaia-erresilienteak\/#breadcrumb"},"inLanguage":"es","potentialAction":[{"@type":"ReadAction","target":[["http:\/\/www.etxauri.eus\/es\/etxauri-haraneko-baso-suteen-aurrean-paisaia-erresilienteak\/"]]}]},{"@type":"ImageObject","inLanguage":"es","@id":"http:\/\/www.etxauri.eus\/es\/etxauri-haraneko-baso-suteen-aurrean-paisaia-erresilienteak\/#primaryimage","url":"http:\/\/www.etxauri.eus\/wp-content\/uploads\/sites\/103\/2023\/05\/el-corral.jpeg","contentUrl":"http:\/\/www.etxauri.eus\/wp-content\/uploads\/sites\/103\/2023\/05\/el-corral.jpeg","width":314,"height":184},{"@type":"BreadcrumbList","@id":"http:\/\/www.etxauri.eus\/es\/etxauri-haraneko-baso-suteen-aurrean-paisaia-erresilienteak\/#breadcrumb","itemListElement":[{"@type":"ListItem","position":1,"name":"Portada","item":"http:\/\/www.etxauri.eus\/es\/"},{"@type":"ListItem","position":2,"name":"PAISAJES RESILIENTES ANTE LOS INCENDIOS FORESTALES EN EL VALLE DE ETXAURI"}]},{"@type":"WebSite","@id":"http:\/\/www.etxauri.eus\/es\/#website","url":"http:\/\/www.etxauri.eus\/es\/","name":"Ayuntamiento de Etxauri","description":"Ayuntamiento de Etxauri","potentialAction":[{"@type":"SearchAction","target":{"@type":"EntryPoint","urlTemplate":"http:\/\/www.etxauri.eus\/es\/?s={search_term_string}"},"query-input":{"@type":"PropertyValueSpecification","valueRequired":true,"valueName":"search_term_string"}}],"inLanguage":"es"},{"@type":"Person","@id":"http:\/\/www.etxauri.eus\/es\/#\/schema\/person\/96154b0a2bb433adf5bd83b7b313174d","name":"Idoia","image":{"@type":"ImageObject","inLanguage":"es","@id":"http:\/\/www.etxauri.eus\/es\/#\/schema\/person\/image\/","url":"https:\/\/secure.gravatar.com\/avatar\/43ac25bbab66419145c7119afd7f92d8d2c1e0b7c408a3dfba5d33268f3a01fd?s=96&d=mm&r=g","contentUrl":"https:\/\/secure.gravatar.com\/avatar\/43ac25bbab66419145c7119afd7f92d8d2c1e0b7c408a3dfba5d33268f3a01fd?s=96&d=mm&r=g","caption":"Idoia"},"url":"http:\/\/www.etxauri.eus\/es\/author\/exruser1\/"}]}},"_links":{"self":[{"href":"http:\/\/www.etxauri.eus\/es\/wp-json\/wp\/v2\/posts\/14547","targetHints":{"allow":["GET"]}}],"collection":[{"href":"http:\/\/www.etxauri.eus\/es\/wp-json\/wp\/v2\/posts"}],"about":[{"href":"http:\/\/www.etxauri.eus\/es\/wp-json\/wp\/v2\/types\/post"}],"author":[{"embeddable":true,"href":"http:\/\/www.etxauri.eus\/es\/wp-json\/wp\/v2\/users\/281"}],"replies":[{"embeddable":true,"href":"http:\/\/www.etxauri.eus\/es\/wp-json\/wp\/v2\/comments?post=14547"}],"version-history":[{"count":8,"href":"http:\/\/www.etxauri.eus\/es\/wp-json\/wp\/v2\/posts\/14547\/revisions"}],"predecessor-version":[{"id":15382,"href":"http:\/\/www.etxauri.eus\/es\/wp-json\/wp\/v2\/posts\/14547\/revisions\/15382"}],"wp:featuredmedia":[{"embeddable":true,"href":"http:\/\/www.etxauri.eus\/es\/wp-json\/wp\/v2\/media\/14552"}],"wp:attachment":[{"href":"http:\/\/www.etxauri.eus\/es\/wp-json\/wp\/v2\/media?parent=14547"}],"wp:term":[{"taxonomy":"category","embeddable":true,"href":"http:\/\/www.etxauri.eus\/es\/wp-json\/wp\/v2\/categories?post=14547"},{"taxonomy":"post_tag","embeddable":true,"href":"http:\/\/www.etxauri.eus\/es\/wp-json\/wp\/v2\/tags?post=14547"}],"curies":[{"name":"wp","href":"https:\/\/api.w.org\/{rel}","templated":true}]}}