{"id":15419,"date":"2024-04-05T10:06:13","date_gmt":"2024-04-05T08:06:13","guid":{"rendered":"http:\/\/www.etxauri.eus\/?p=15419"},"modified":"2024-04-06T11:23:28","modified_gmt":"2024-04-06T09:23:28","slug":"etxaurin-eskalatzea","status":"publish","type":"post","link":"http:\/\/www.etxauri.eus\/es\/etxaurin-eskalatzea\/","title":{"rendered":"ESCALAR EN ETXAURI"},"content":{"rendered":"<p>&nbsp;<\/p>\n<table style=\"border-collapse: collapse;width: 100%\" border=\"1\">\n<tbody>\n<tr>\n<td style=\"width: 100%\">\n<h1><span style=\"color: #339966\"><strong>Espacios naturales de Navarra:\u00a0<\/strong><\/span><\/h1>\n<h1><span style=\"color: #ff0000\"><strong><a style=\"color: #ff0000\" href=\"https:\/\/espaciosnaturales.navarra.es\/es\/pena-de-etxauri\" target=\"_blank\" rel=\"noopener\">PE\u00d1A DE ETXAURI<\/a><\/strong><\/span><\/h1>\n<h1><\/h1>\n<h1><strong><a href=\"https:\/\/natura2000.eea.europa.eu\/Natura2000\/SDF.aspx?site=ES0000150\" target=\"_blank\" rel=\"noopener\"><span style=\"color: #339966\">ESPACIO PROTEGIDO RED NATURA 2000:<\/span><\/a><\/strong><\/h1>\n<h1><strong><a href=\"https:\/\/natura2000.eea.europa.eu\/Natura2000\/SDF.aspx?site=ES0000150\" target=\"_blank\" rel=\"noopener\"><span style=\"color: #ff0000\">Zona de Especial Protecci\u00f3n para las Aves<\/span><\/a><\/strong><\/h1>\n<h1><\/h1>\n<h1><strong><a href=\"https:\/\/www.lexnavarra.navarra.es\/detalle.asp?r=28529\" target=\"_blank\" rel=\"noopener\">Declaraci\u00f3n del ROQUEDO de ETXAURI, <span style=\"color: #ff0000\">\u00c1rea de Protecci\u00f3n de la Fauna Silvestre (APFS-14)<\/span><\/a><\/strong><\/h1>\n<\/td>\n<\/tr>\n<\/tbody>\n<\/table>\n<h3 style=\"text-align: justify\"><span style=\"color: #000000\">La Pe\u00f1a de Etxauri, que sobresale al sur del\u00a0suave cordal de la Sierra de Sarbil, es una de las monta\u00f1as m\u00e1s emblem\u00e1ticas de la Cuenca de Pamplona.<\/span><\/h3>\n<h3><\/h3>\n<h3 style=\"text-align: justify\"><span style=\"color: #000000\">En Etxauri se cre\u00f3 la primera escuela de escalada de Navarra. Sus cortados son muy frecuentados por las y los escaladores, que en sus paredes cuentan con m\u00e1s de 700 v\u00edas de todos los niveles. No obstante, esta actividad deportiva tiene sus limitaciones, en la parte de la pe\u00f1a declarada \u00c1rea de Protecci\u00f3n de la Fauna Silvestre.<\/span><\/h3>\n<h3><\/h3>\n<h3 style=\"text-align: justify\"><span style=\"color: #000000\">La ubicaci\u00f3n de los roquedos, en el l\u00edmite entre las regiones mediterr\u00e1nea y eurosiberiana, mostrando efectivos propios de ambas biorregiones, los hace muy interesantes para la pr\u00e1ctica de la escalada.<\/span><\/h3>\n<p>&nbsp;<\/p>\n<h1><span style=\"color: #ff0000\"><strong><a href=\"https:\/\/www.nafarmendi.org\/contenido\/198\/escalada-en-roca\" target=\"_blank\" rel=\"noopener\">Federaci\u00f3n Navarra de Deportes de Monta\u00f1a y Escalda : <span style=\"color: #ff0000\">Escalada en Roca<\/span><\/a>\u00a0<\/strong><\/span><\/h1>\n<p>&nbsp;<\/p>\n<h1><strong><span style=\"color: #ff0000\"><a style=\"color: #ff0000\" href=\"https:\/\/drive.google.com\/file\/d\/1itQHuF-0UPX3KnN8G9yUfQjAIoCHb2-F\/view\" target=\"_blank\" rel=\"noopener\">GU\u00cdA DE ESCALADA ETXAURI<\/a><\/span><\/strong><\/h1>\n<p>&nbsp;<\/p>\n<h1><strong><span style=\"color: #ff0000\">REGULACI\u00d3N DE ACTIVIDADES DEPORTIVAS EN ROQUEDOS:<\/span><\/strong><\/h1>\n<p>&nbsp;<\/p>\n<ul>\n<li>\n<h1 style=\"text-align: left\"><span style=\"color: #339966\"><strong><a style=\"color: #339966\" href=\"https:\/\/www.navarra.es\/es\/medio-ambiente\/autorizaciones-en-espacios-protegidos\" target=\"_blank\" rel=\"noopener\">Autorizaciones para realizar actividades en espacios naturales protegidos<\/a><\/strong><\/span><\/h1>\n<\/li>\n<li>\n<h1><strong><span style=\"color: #339966\"><a style=\"color: #339966\" href=\"https:\/\/www.navarra.es\/es\/tramites\/on\/-\/line\/autorizacion-de-nuevos-equipamientos-y-o-reequipamientos-de-vias-de-escalada?pageBackId=7572625\" target=\"_blank\" rel=\"noopener\">Autorizaci\u00f3n de nuevos equipamientos y\/o reequipamientos de v\u00edas de escalada<\/a><\/span><\/strong><\/h1>\n<\/li>\n<\/ul>\n<table style=\"border-collapse: collapse;width: 100%\" border=\"1\">\n<tbody>\n<tr>\n<td style=\"width: 100%\">\n<h2 class=\"title\"><strong><span style=\"color: #000000\">Actividades deportivas en roquedos<\/span><\/strong><\/h2>\n<div class=\"col-lg-12 col-md-12 col-sm-12 col-xs-12\">\n<div class=\"listTitle col-xs-12 col-sm-12 col-md-12 col-lg-12\"><strong><span style=\"color: #000000\">PERIODOS DE REGULACI\u00d3N<\/span><\/strong><\/div>\n<div id=\"T_dgki__0\" class=\" col-12 collap\">\n<ul>\n<li>\n<div id=\"title_dgki__0_0\" class=\"accordionTitle\"><span style=\"color: #000000\">Zonas reguladas para la protecci\u00f3n de fauna y flora catalogada como amenazada\u00a0<\/span><\/div>\n<\/li>\n<\/ul>\n<div id=\"dgki__0_0\" class=\"accordionContent free-text-regular-18 col-xs-11 col-xs-offset-1 col-sm-9 col-sm-offset-2 col-md-10 col-md-offset-1 col-lg-10 col-lg-offset-1 collap\" title=\"Zonas reguladas para la protecci\u00f3n de fauna y flora catalogada como amenazada\">\n<p style=\"text-align: justify\"><span style=\"color: #000000\">La fauna silvestre tiene unos ciclos biol\u00f3gicos con periodos sensibles que han de tenerse en cuenta en la regulaci\u00f3n de actividades deportivas. Sobre todo, los de las aves rup\u00edcolas, catalogadas como \u00aben peligro de extinci\u00f3n\u00bb o \u00abvulnerables\u00bb, que necesitan para su conservaci\u00f3n un respeto de sus periodos de reproducci\u00f3n y nidificaci\u00f3n.<\/span><\/p>\n<p style=\"text-align: justify\"><span style=\"color: #000000\">En las siguientes tablas\u00a0se muestran los periodos de regulaci\u00f3n de las diversas zonas de roquedos en Navarra.<\/span><\/p>\n<p style=\"text-align: justify\"><span style=\"color: #000000\">Esta informaci\u00f3n\u00a0se actualizar\u00e1 en funci\u00f3n de la evoluci\u00f3n del \u00e9xito reproductor de las distintas especies rup\u00edcolas:<\/span><\/p>\n<ul>\n<li><span style=\"color: #000000\"><a style=\"color: #000000\" href=\"https:\/\/www.navarra.es\/documents\/48192\/18615956\/Tabla1+roquedos.pdf\/a51368b2-c05e-8b52-056c-e72f9d8d2cff?t=1700207039403\" target=\"_blank\" rel=\"noopener\">Cortados con limitaci\u00f3n temporal para la pr\u00e1ctica de actividades deportivas<\/a>\u00a0<\/span><\/li>\n<\/ul>\n<p style=\"text-align: justify\"><span style=\"color: #000000\">Si quieres conocer la regulaci\u00f3n de las actividades deportivas en estas zonas de Navarra, consulta la<\/span>\u00a0<strong><a href=\"https:\/\/bon.navarra.es\/es\/anuncio\/-\/texto\/2019\/55\/19\" target=\"_blank\" rel=\"noopener\">Resoluci\u00f3n 79\/2019<\/a><\/strong>\u00a0<span style=\"color: #000000\">de Medio Ambiente.<\/span><\/p>\n<\/div>\n<\/div>\n<\/div>\n<\/td>\n<\/tr>\n<\/tbody>\n<\/table>\n<h1><\/h1>\n<p><\/p>","protected":false},"excerpt":{"rendered":"<p>&nbsp; Espacios naturales de Navarra:\u00a0 PE\u00d1A DE ETXAURI ESPACIO PROTEGIDO RED NATURA 2000: Zona de Especial Protecci\u00f3n para las Aves Declaraci\u00f3n del ROQUEDO de ETXAURI, \u00c1rea de Protecci\u00f3n de la Fauna Silvestre (APFS-14) La Pe\u00f1a de Etxauri, que sobresale al&hellip; <\/p>\n","protected":false},"author":281,"featured_media":15422,"comment_status":"closed","ping_status":"closed","sticky":false,"template":"","format":"standard","meta":{"_monsterinsights_skip_tracking":false,"_monsterinsights_sitenote_active":false,"_monsterinsights_sitenote_note":"","_monsterinsights_sitenote_category":0,"footnotes":""},"categories":[1],"tags":[],"class_list":["post-15419","post","type-post","status-publish","format-standard","has-post-thumbnail","hentry","category-agenda"],"yoast_head":"<!-- This site is optimized with the Yoast SEO plugin v26.8 - https:\/\/yoast.com\/product\/yoast-seo-wordpress\/ -->\r\n<title>ESCALAR EN ETXAURI - Ayuntamiento de Etxauri<\/title>\r\n<meta name=\"robots\" content=\"index, follow, max-snippet:-1, max-image-preview:large, max-video-preview:-1\" \/>\r\n<link rel=\"canonical\" href=\"http:\/\/www.etxauri.eus\/es\/etxaurin-eskalatzea\/\" \/>\r\n<meta property=\"og:locale\" content=\"es_ES\" \/>\r\n<meta property=\"og:type\" content=\"article\" \/>\r\n<meta property=\"og:title\" content=\"ESCALAR EN ETXAURI - Ayuntamiento de Etxauri\" \/>\r\n<meta property=\"og:description\" content=\"&nbsp; Espacios naturales de Navarra:\u00a0 PE\u00d1A DE ETXAURI ESPACIO PROTEGIDO RED NATURA 2000: Zona de Especial Protecci\u00f3n para las Aves Declaraci\u00f3n del ROQUEDO de ETXAURI, \u00c1rea de Protecci\u00f3n de la Fauna Silvestre (APFS-14) La Pe\u00f1a de Etxauri, que sobresale al&hellip;\" \/>\r\n<meta property=\"og:url\" content=\"http:\/\/www.etxauri.eus\/es\/etxaurin-eskalatzea\/\" \/>\r\n<meta property=\"og:site_name\" content=\"Ayuntamiento de Etxauri\" \/>\r\n<meta property=\"article:published_time\" content=\"2024-04-05T08:06:13+00:00\" \/>\r\n<meta property=\"article:modified_time\" content=\"2024-04-06T09:23:28+00:00\" \/>\r\n<meta property=\"og:image\" content=\"http:\/\/www.etxauri.eus\/wp-content\/uploads\/sites\/103\/2024\/01\/images-1.jpg\" \/>\r\n\t<meta property=\"og:image:width\" content=\"300\" \/>\r\n\t<meta property=\"og:image:height\" content=\"168\" \/>\r\n\t<meta property=\"og:image:type\" content=\"image\/jpeg\" \/>\r\n<meta name=\"author\" content=\"Idoia\" \/>\r\n<meta name=\"twitter:card\" content=\"summary_large_image\" \/>\r\n<meta name=\"twitter:label1\" content=\"Escrito por\" \/>\n\t<meta name=\"twitter:data1\" content=\"Idoia\" \/>\n\t<meta name=\"twitter:label2\" content=\"Tiempo de lectura\" \/>\n\t<meta name=\"twitter:data2\" content=\"3 minutos\" \/>\r\n<script type=\"application\/ld+json\" class=\"yoast-schema-graph\">{\"@context\":\"https:\/\/schema.org\",\"@graph\":[{\"@type\":\"Article\",\"@id\":\"http:\/\/www.etxauri.eus\/es\/etxaurin-eskalatzea\/#article\",\"isPartOf\":{\"@id\":\"http:\/\/www.etxauri.eus\/es\/etxaurin-eskalatzea\/\"},\"author\":{\"name\":\"Idoia\",\"@id\":\"http:\/\/www.etxauri.eus\/es\/#\/schema\/person\/96154b0a2bb433adf5bd83b7b313174d\"},\"headline\":\"ESCALAR EN ETXAURI\",\"datePublished\":\"2024-04-05T08:06:13+00:00\",\"dateModified\":\"2024-04-06T09:23:28+00:00\",\"mainEntityOfPage\":{\"@id\":\"http:\/\/www.etxauri.eus\/es\/etxaurin-eskalatzea\/\"},\"wordCount\":581,\"image\":{\"@id\":\"http:\/\/www.etxauri.eus\/es\/etxaurin-eskalatzea\/#primaryimage\"},\"thumbnailUrl\":\"http:\/\/www.etxauri.eus\/wp-content\/uploads\/sites\/103\/2024\/01\/images-1.jpg\",\"articleSection\":[\"Agenda.\"],\"inLanguage\":\"es\"},{\"@type\":\"WebPage\",\"@id\":\"http:\/\/www.etxauri.eus\/es\/etxaurin-eskalatzea\/\",\"url\":\"http:\/\/www.etxauri.eus\/es\/etxaurin-eskalatzea\/\",\"name\":\"ESCALAR EN ETXAURI - Ayuntamiento de Etxauri\",\"isPartOf\":{\"@id\":\"http:\/\/www.etxauri.eus\/es\/#website\"},\"primaryImageOfPage\":{\"@id\":\"http:\/\/www.etxauri.eus\/es\/etxaurin-eskalatzea\/#primaryimage\"},\"image\":{\"@id\":\"http:\/\/www.etxauri.eus\/es\/etxaurin-eskalatzea\/#primaryimage\"},\"thumbnailUrl\":\"http:\/\/www.etxauri.eus\/wp-content\/uploads\/sites\/103\/2024\/01\/images-1.jpg\",\"datePublished\":\"2024-04-05T08:06:13+00:00\",\"dateModified\":\"2024-04-06T09:23:28+00:00\",\"author\":{\"@id\":\"http:\/\/www.etxauri.eus\/es\/#\/schema\/person\/96154b0a2bb433adf5bd83b7b313174d\"},\"breadcrumb\":{\"@id\":\"http:\/\/www.etxauri.eus\/es\/etxaurin-eskalatzea\/#breadcrumb\"},\"inLanguage\":\"es\",\"potentialAction\":[{\"@type\":\"ReadAction\",\"target\":[[\"http:\/\/www.etxauri.eus\/es\/etxaurin-eskalatzea\/\"]]}]},{\"@type\":\"ImageObject\",\"inLanguage\":\"es\",\"@id\":\"http:\/\/www.etxauri.eus\/es\/etxaurin-eskalatzea\/#primaryimage\",\"url\":\"http:\/\/www.etxauri.eus\/wp-content\/uploads\/sites\/103\/2024\/01\/images-1.jpg\",\"contentUrl\":\"http:\/\/www.etxauri.eus\/wp-content\/uploads\/sites\/103\/2024\/01\/images-1.jpg\",\"width\":300,\"height\":168},{\"@type\":\"BreadcrumbList\",\"@id\":\"http:\/\/www.etxauri.eus\/es\/etxaurin-eskalatzea\/#breadcrumb\",\"itemListElement\":[{\"@type\":\"ListItem\",\"position\":1,\"name\":\"Portada\",\"item\":\"http:\/\/www.etxauri.eus\/es\/\"},{\"@type\":\"ListItem\",\"position\":2,\"name\":\"ESCALAR EN ETXAURI\"}]},{\"@type\":\"WebSite\",\"@id\":\"http:\/\/www.etxauri.eus\/es\/#website\",\"url\":\"http:\/\/www.etxauri.eus\/es\/\",\"name\":\"Ayuntamiento de Etxauri\",\"description\":\"Ayuntamiento de Etxauri\",\"potentialAction\":[{\"@type\":\"SearchAction\",\"target\":{\"@type\":\"EntryPoint\",\"urlTemplate\":\"http:\/\/www.etxauri.eus\/es\/?s={search_term_string}\"},\"query-input\":{\"@type\":\"PropertyValueSpecification\",\"valueRequired\":true,\"valueName\":\"search_term_string\"}}],\"inLanguage\":\"es\"},{\"@type\":\"Person\",\"@id\":\"http:\/\/www.etxauri.eus\/es\/#\/schema\/person\/96154b0a2bb433adf5bd83b7b313174d\",\"name\":\"Idoia\",\"image\":{\"@type\":\"ImageObject\",\"inLanguage\":\"es\",\"@id\":\"http:\/\/www.etxauri.eus\/es\/#\/schema\/person\/image\/\",\"url\":\"https:\/\/secure.gravatar.com\/avatar\/43ac25bbab66419145c7119afd7f92d8d2c1e0b7c408a3dfba5d33268f3a01fd?s=96&d=mm&r=g\",\"contentUrl\":\"https:\/\/secure.gravatar.com\/avatar\/43ac25bbab66419145c7119afd7f92d8d2c1e0b7c408a3dfba5d33268f3a01fd?s=96&d=mm&r=g\",\"caption\":\"Idoia\"},\"url\":\"http:\/\/www.etxauri.eus\/es\/author\/exruser1\/\"}]}<\/script>\r\n<!-- \/ Yoast SEO plugin. -->","yoast_head_json":{"title":"ESCALAR EN ETXAURI - Ayuntamiento de Etxauri","robots":{"index":"index","follow":"follow","max-snippet":"max-snippet:-1","max-image-preview":"max-image-preview:large","max-video-preview":"max-video-preview:-1"},"canonical":"http:\/\/www.etxauri.eus\/es\/etxaurin-eskalatzea\/","og_locale":"es_ES","og_type":"article","og_title":"ESCALAR EN ETXAURI - Ayuntamiento de Etxauri","og_description":"&nbsp; Espacios naturales de Navarra:\u00a0 PE\u00d1A DE ETXAURI ESPACIO PROTEGIDO RED NATURA 2000: Zona de Especial Protecci\u00f3n para las Aves Declaraci\u00f3n del ROQUEDO de ETXAURI, \u00c1rea de Protecci\u00f3n de la Fauna Silvestre (APFS-14) La Pe\u00f1a de Etxauri, que sobresale al&hellip;","og_url":"http:\/\/www.etxauri.eus\/es\/etxaurin-eskalatzea\/","og_site_name":"Ayuntamiento de Etxauri","article_published_time":"2024-04-05T08:06:13+00:00","article_modified_time":"2024-04-06T09:23:28+00:00","og_image":[{"width":300,"height":168,"url":"http:\/\/www.etxauri.eus\/wp-content\/uploads\/sites\/103\/2024\/01\/images-1.jpg","type":"image\/jpeg"}],"author":"Idoia","twitter_card":"summary_large_image","twitter_misc":{"Escrito por":"Idoia","Tiempo de lectura":"3 minutos"},"schema":{"@context":"https:\/\/schema.org","@graph":[{"@type":"Article","@id":"http:\/\/www.etxauri.eus\/es\/etxaurin-eskalatzea\/#article","isPartOf":{"@id":"http:\/\/www.etxauri.eus\/es\/etxaurin-eskalatzea\/"},"author":{"name":"Idoia","@id":"http:\/\/www.etxauri.eus\/es\/#\/schema\/person\/96154b0a2bb433adf5bd83b7b313174d"},"headline":"ESCALAR EN ETXAURI","datePublished":"2024-04-05T08:06:13+00:00","dateModified":"2024-04-06T09:23:28+00:00","mainEntityOfPage":{"@id":"http:\/\/www.etxauri.eus\/es\/etxaurin-eskalatzea\/"},"wordCount":581,"image":{"@id":"http:\/\/www.etxauri.eus\/es\/etxaurin-eskalatzea\/#primaryimage"},"thumbnailUrl":"http:\/\/www.etxauri.eus\/wp-content\/uploads\/sites\/103\/2024\/01\/images-1.jpg","articleSection":["Agenda."],"inLanguage":"es"},{"@type":"WebPage","@id":"http:\/\/www.etxauri.eus\/es\/etxaurin-eskalatzea\/","url":"http:\/\/www.etxauri.eus\/es\/etxaurin-eskalatzea\/","name":"ESCALAR EN ETXAURI - Ayuntamiento de Etxauri","isPartOf":{"@id":"http:\/\/www.etxauri.eus\/es\/#website"},"primaryImageOfPage":{"@id":"http:\/\/www.etxauri.eus\/es\/etxaurin-eskalatzea\/#primaryimage"},"image":{"@id":"http:\/\/www.etxauri.eus\/es\/etxaurin-eskalatzea\/#primaryimage"},"thumbnailUrl":"http:\/\/www.etxauri.eus\/wp-content\/uploads\/sites\/103\/2024\/01\/images-1.jpg","datePublished":"2024-04-05T08:06:13+00:00","dateModified":"2024-04-06T09:23:28+00:00","author":{"@id":"http:\/\/www.etxauri.eus\/es\/#\/schema\/person\/96154b0a2bb433adf5bd83b7b313174d"},"breadcrumb":{"@id":"http:\/\/www.etxauri.eus\/es\/etxaurin-eskalatzea\/#breadcrumb"},"inLanguage":"es","potentialAction":[{"@type":"ReadAction","target":[["http:\/\/www.etxauri.eus\/es\/etxaurin-eskalatzea\/"]]}]},{"@type":"ImageObject","inLanguage":"es","@id":"http:\/\/www.etxauri.eus\/es\/etxaurin-eskalatzea\/#primaryimage","url":"http:\/\/www.etxauri.eus\/wp-content\/uploads\/sites\/103\/2024\/01\/images-1.jpg","contentUrl":"http:\/\/www.etxauri.eus\/wp-content\/uploads\/sites\/103\/2024\/01\/images-1.jpg","width":300,"height":168},{"@type":"BreadcrumbList","@id":"http:\/\/www.etxauri.eus\/es\/etxaurin-eskalatzea\/#breadcrumb","itemListElement":[{"@type":"ListItem","position":1,"name":"Portada","item":"http:\/\/www.etxauri.eus\/es\/"},{"@type":"ListItem","position":2,"name":"ESCALAR EN ETXAURI"}]},{"@type":"WebSite","@id":"http:\/\/www.etxauri.eus\/es\/#website","url":"http:\/\/www.etxauri.eus\/es\/","name":"Ayuntamiento de Etxauri","description":"Ayuntamiento de Etxauri","potentialAction":[{"@type":"SearchAction","target":{"@type":"EntryPoint","urlTemplate":"http:\/\/www.etxauri.eus\/es\/?s={search_term_string}"},"query-input":{"@type":"PropertyValueSpecification","valueRequired":true,"valueName":"search_term_string"}}],"inLanguage":"es"},{"@type":"Person","@id":"http:\/\/www.etxauri.eus\/es\/#\/schema\/person\/96154b0a2bb433adf5bd83b7b313174d","name":"Idoia","image":{"@type":"ImageObject","inLanguage":"es","@id":"http:\/\/www.etxauri.eus\/es\/#\/schema\/person\/image\/","url":"https:\/\/secure.gravatar.com\/avatar\/43ac25bbab66419145c7119afd7f92d8d2c1e0b7c408a3dfba5d33268f3a01fd?s=96&d=mm&r=g","contentUrl":"https:\/\/secure.gravatar.com\/avatar\/43ac25bbab66419145c7119afd7f92d8d2c1e0b7c408a3dfba5d33268f3a01fd?s=96&d=mm&r=g","caption":"Idoia"},"url":"http:\/\/www.etxauri.eus\/es\/author\/exruser1\/"}]}},"_links":{"self":[{"href":"http:\/\/www.etxauri.eus\/es\/wp-json\/wp\/v2\/posts\/15419","targetHints":{"allow":["GET"]}}],"collection":[{"href":"http:\/\/www.etxauri.eus\/es\/wp-json\/wp\/v2\/posts"}],"about":[{"href":"http:\/\/www.etxauri.eus\/es\/wp-json\/wp\/v2\/types\/post"}],"author":[{"embeddable":true,"href":"http:\/\/www.etxauri.eus\/es\/wp-json\/wp\/v2\/users\/281"}],"replies":[{"embeddable":true,"href":"http:\/\/www.etxauri.eus\/es\/wp-json\/wp\/v2\/comments?post=15419"}],"version-history":[{"count":38,"href":"http:\/\/www.etxauri.eus\/es\/wp-json\/wp\/v2\/posts\/15419\/revisions"}],"predecessor-version":[{"id":15758,"href":"http:\/\/www.etxauri.eus\/es\/wp-json\/wp\/v2\/posts\/15419\/revisions\/15758"}],"wp:featuredmedia":[{"embeddable":true,"href":"http:\/\/www.etxauri.eus\/es\/wp-json\/wp\/v2\/media\/15422"}],"wp:attachment":[{"href":"http:\/\/www.etxauri.eus\/es\/wp-json\/wp\/v2\/media?parent=15419"}],"wp:term":[{"taxonomy":"category","embeddable":true,"href":"http:\/\/www.etxauri.eus\/es\/wp-json\/wp\/v2\/categories?post=15419"},{"taxonomy":"post_tag","embeddable":true,"href":"http:\/\/www.etxauri.eus\/es\/wp-json\/wp\/v2\/tags?post=15419"}],"curies":[{"name":"wp","href":"https:\/\/api.w.org\/{rel}","templated":true}]}}