{"id":17152,"date":"2025-11-13T09:00:15","date_gmt":"2025-11-13T08:00:15","guid":{"rendered":"http:\/\/www.etxauri.eus\/?p=17152"},"modified":"2025-11-13T12:12:45","modified_gmt":"2025-11-13T11:12:45","slug":"azaroak-25-emakumeen-kontrako-indarkeriaren-aurkako-nazioarteko-eguna","status":"publish","type":"post","link":"http:\/\/www.etxauri.eus\/es\/azaroak-25-emakumeen-kontrako-indarkeriaren-aurkako-nazioarteko-eguna\/","title":{"rendered":"25 NOVIEMBRE, D\u00cdA INTERNACIONAL CONTRA LA VIOLENCIA HACIA LAS MUJERES"},"content":{"rendered":"<p><\/p>\n<h5 style=\"text-align: justify\"><\/h5>\n<h1 style=\"text-align: justify\"><span style=\"color: #000000\"><strong>El Ayuntamiento de Etxauri se une a esta campa\u00f1a conjunta del 25 de NOVIEMBRE, reafirmando su compromiso con la visibilizaci\u00f3n y el reconocimiento del papel esencial que las mujeres desempe\u00f1amos en el desarrollo sostenible de nuestras zonas rurales.<\/strong><\/span><\/h1>\n<p>&nbsp;<\/p>\n<h1><span style=\"color: #ff0000\"><strong><a style=\"color: #ff0000\" href=\"http:\/\/www.etxauri.eus\/wp-content\/uploads\/sites\/103\/2025\/10\/25N-CAS.pdf\" class=\"mtli_attachment mtli_pdf\" target=\"_blank\" rel=\"noopener\">DECLARACI\u00d3N INSTITUCIONAL<\/a><\/strong><\/span><\/h1>\n<p>&nbsp;<\/p>\n<h1><strong><span style=\"color: #ff0000\"><a style=\"color: #ff0000\" href=\"http:\/\/www.etxauri.eus\/wp-content\/uploads\/sites\/103\/2025\/10\/25-de-noviembre-de-2025-LF-CAST-28-10-2025-1.pdf\" class=\"mtli_attachment mtli_pdf\" target=\"_blank\" rel=\"noopener\">DECLARACI\u00d3N INSTITUCIONAL EN LECTURA F\u00c1CIL<\/a><\/span><\/strong><\/h1>\n<p>&nbsp;<\/p>\n<h1><strong><span style=\"color: #800080\">CONCENTRACI\u00d3N INSTITUCIONAL CONVOCADA POR EL AYUNTAMIENTO<\/span><\/strong><\/h1>\n<h1><span style=\"color: #000000\">Movilizaci\u00f3n contra las violencias machistas. Seguiremos reclamando en las calles el compromiso de toda la sociedad para erradicar las violencias machistas y ofreceremos nuestra ayuda a todas las mujeres. \u00a1Ac\u00e9rcate y muestra tu compromiso!<\/span><\/h1>\n<h1><strong><span style=\"color: #ff0000\"><span class=\"x19la9d6 x1fc57z9 x6ikm8r x10wlt62 x19co3pv x11tp94h xfibh0p xiy17q3 x1xsqp64 x1lkfr7t xexx8yu xyri2b x18d9i69 x1c1uobl\"><span class=\"xrtxmta x1bhl96m\">\ud83d\uddd3\ufe0f<\/span><\/span>25 de noviembre, martes<\/span><\/strong><\/h1>\n<h1><strong><span style=\"color: #ff0000\"><span class=\"x19la9d6 x1fc57z9 x6ikm8r x10wlt62 x19co3pv x11tp94h xfibh0p xiy17q3 x1xsqp64 x1lkfr7t xexx8yu xyri2b x18d9i69 x1c1uobl\"><span class=\"xrtxmta x1bhl96m\">\ud83d\udd56<\/span><\/span><\/span><\/strong><strong><span style=\"color: #ff0000\">19:00<\/span><\/strong><br \/>\n<strong><span style=\"color: #ff0000\">\ud83c\udfebEn la plaza de Etxauri<\/span><\/strong><\/h1>\n<p>&nbsp;<\/p>\n<h1><a href=\"http:\/\/www.etxauri.eus\/wp-content\/uploads\/sites\/103\/2025\/11\/25n.jpg\"><img loading=\"lazy\" decoding=\"async\" class=\"size-full wp-image-17193 aligncenter\" src=\"http:\/\/www.etxauri.eus\/wp-content\/uploads\/sites\/103\/2025\/11\/25n.jpg\" alt=\"\" width=\"1810\" height=\"2560\" srcset=\"http:\/\/www.etxauri.eus\/wp-content\/uploads\/sites\/103\/2025\/11\/25n.jpg 1810w, http:\/\/www.etxauri.eus\/wp-content\/uploads\/sites\/103\/2025\/11\/25n-212x300.jpg 212w, http:\/\/www.etxauri.eus\/wp-content\/uploads\/sites\/103\/2025\/11\/25n-724x1024.jpg 724w, http:\/\/www.etxauri.eus\/wp-content\/uploads\/sites\/103\/2025\/11\/25n-768x1086.jpg 768w, http:\/\/www.etxauri.eus\/wp-content\/uploads\/sites\/103\/2025\/11\/25n-600x849.jpg 600w, http:\/\/www.etxauri.eus\/wp-content\/uploads\/sites\/103\/2025\/11\/25n-1086x1536.jpg 1086w, http:\/\/www.etxauri.eus\/wp-content\/uploads\/sites\/103\/2025\/11\/25n-1448x2048.jpg 1448w, http:\/\/www.etxauri.eus\/wp-content\/uploads\/sites\/103\/2025\/11\/25n-300x424.jpg 300w\" sizes=\"auto, (max-width: 1810px) 100vw, 1810px\" \/><\/a><\/h1>\n<h1><\/h1>\n<p>&nbsp;<\/p>\n<p>&nbsp;<\/p>\n<p>&nbsp;<\/p>\n<h1 style=\"text-align: justify\"><\/h1>\n<h1><span style=\"color: #ff0000\">\u00a0<\/span><\/h1>\n<p>&nbsp;<\/p>\n<p>&nbsp;<\/p>","protected":false},"excerpt":{"rendered":"<p>El Ayuntamiento de Etxauri se une a esta campa\u00f1a conjunta del 25 de NOVIEMBRE, reafirmando su compromiso con la visibilizaci\u00f3n y el reconocimiento del papel esencial que las mujeres desempe\u00f1amos en el desarrollo sostenible de nuestras zonas rurales. &nbsp; DECLARACI\u00d3N&hellip; <\/p>\n","protected":false},"author":281,"featured_media":17197,"comment_status":"closed","ping_status":"closed","sticky":false,"template":"","format":"standard","meta":{"_monsterinsights_skip_tracking":false,"_monsterinsights_sitenote_active":false,"_monsterinsights_sitenote_note":"","_monsterinsights_sitenote_category":0,"footnotes":""},"categories":[1,35],"tags":[],"class_list":["post-17152","post","type-post","status-publish","format-standard","has-post-thumbnail","hentry","category-agenda","category-emakumeak-mujeres"],"yoast_head":"<!-- This site is optimized with the Yoast SEO plugin v26.8 - https:\/\/yoast.com\/product\/yoast-seo-wordpress\/ -->\r\n<title>25 NOVIEMBRE, D\u00cdA INTERNACIONAL CONTRA LA VIOLENCIA HACIA LAS MUJERES - Ayuntamiento de Etxauri<\/title>\r\n<meta name=\"robots\" content=\"index, follow, max-snippet:-1, max-image-preview:large, max-video-preview:-1\" \/>\r\n<link rel=\"canonical\" href=\"http:\/\/www.etxauri.eus\/es\/azaroak-25-emakumeen-kontrako-indarkeriaren-aurkako-nazioarteko-eguna\/\" \/>\r\n<meta property=\"og:locale\" content=\"es_ES\" \/>\r\n<meta property=\"og:type\" content=\"article\" \/>\r\n<meta property=\"og:title\" content=\"25 NOVIEMBRE, D\u00cdA INTERNACIONAL CONTRA LA VIOLENCIA HACIA LAS MUJERES - Ayuntamiento de Etxauri\" \/>\r\n<meta property=\"og:description\" content=\"El Ayuntamiento de Etxauri se une a esta campa\u00f1a conjunta del 25 de NOVIEMBRE, reafirmando su compromiso con la visibilizaci\u00f3n y el reconocimiento del papel esencial que las mujeres desempe\u00f1amos en el desarrollo sostenible de nuestras zonas rurales. &nbsp; DECLARACI\u00d3N&hellip;\" \/>\r\n<meta property=\"og:url\" content=\"http:\/\/www.etxauri.eus\/es\/azaroak-25-emakumeen-kontrako-indarkeriaren-aurkako-nazioarteko-eguna\/\" \/>\r\n<meta property=\"og:site_name\" content=\"Ayuntamiento de Etxauri\" \/>\r\n<meta property=\"article:published_time\" content=\"2025-11-13T08:00:15+00:00\" \/>\r\n<meta property=\"article:modified_time\" content=\"2025-11-13T11:12:45+00:00\" \/>\r\n<meta property=\"og:image\" content=\"http:\/\/www.etxauri.eus\/wp-content\/uploads\/sites\/103\/2025\/11\/400.jpg\" \/>\r\n\t<meta property=\"og:image:width\" content=\"400\" \/>\r\n\t<meta property=\"og:image:height\" content=\"452\" \/>\r\n\t<meta property=\"og:image:type\" content=\"image\/jpeg\" \/>\r\n<meta name=\"author\" content=\"Idoia\" \/>\r\n<meta name=\"twitter:card\" content=\"summary_large_image\" \/>\r\n<meta name=\"twitter:label1\" content=\"Escrito por\" \/>\n\t<meta name=\"twitter:data1\" content=\"Idoia\" \/>\n\t<meta name=\"twitter:label2\" content=\"Tiempo de lectura\" \/>\n\t<meta name=\"twitter:data2\" content=\"1 minuto\" \/>\r\n<script type=\"application\/ld+json\" class=\"yoast-schema-graph\">{\"@context\":\"https:\/\/schema.org\",\"@graph\":[{\"@type\":\"Article\",\"@id\":\"http:\/\/www.etxauri.eus\/es\/azaroak-25-emakumeen-kontrako-indarkeriaren-aurkako-nazioarteko-eguna\/#article\",\"isPartOf\":{\"@id\":\"http:\/\/www.etxauri.eus\/es\/azaroak-25-emakumeen-kontrako-indarkeriaren-aurkako-nazioarteko-eguna\/\"},\"author\":{\"name\":\"Idoia\",\"@id\":\"http:\/\/www.etxauri.eus\/es\/#\/schema\/person\/96154b0a2bb433adf5bd83b7b313174d\"},\"headline\":\"25 NOVIEMBRE, D\u00cdA INTERNACIONAL CONTRA LA VIOLENCIA HACIA LAS MUJERES\",\"datePublished\":\"2025-11-13T08:00:15+00:00\",\"dateModified\":\"2025-11-13T11:12:45+00:00\",\"mainEntityOfPage\":{\"@id\":\"http:\/\/www.etxauri.eus\/es\/azaroak-25-emakumeen-kontrako-indarkeriaren-aurkako-nazioarteko-eguna\/\"},\"wordCount\":183,\"image\":{\"@id\":\"http:\/\/www.etxauri.eus\/es\/azaroak-25-emakumeen-kontrako-indarkeriaren-aurkako-nazioarteko-eguna\/#primaryimage\"},\"thumbnailUrl\":\"http:\/\/www.etxauri.eus\/wp-content\/uploads\/sites\/103\/2025\/11\/400.jpg\",\"articleSection\":[\"Agenda.\",\"Mujeres\"],\"inLanguage\":\"es\"},{\"@type\":\"WebPage\",\"@id\":\"http:\/\/www.etxauri.eus\/es\/azaroak-25-emakumeen-kontrako-indarkeriaren-aurkako-nazioarteko-eguna\/\",\"url\":\"http:\/\/www.etxauri.eus\/es\/azaroak-25-emakumeen-kontrako-indarkeriaren-aurkako-nazioarteko-eguna\/\",\"name\":\"25 NOVIEMBRE, D\u00cdA INTERNACIONAL CONTRA LA VIOLENCIA HACIA LAS MUJERES - Ayuntamiento de Etxauri\",\"isPartOf\":{\"@id\":\"http:\/\/www.etxauri.eus\/es\/#website\"},\"primaryImageOfPage\":{\"@id\":\"http:\/\/www.etxauri.eus\/es\/azaroak-25-emakumeen-kontrako-indarkeriaren-aurkako-nazioarteko-eguna\/#primaryimage\"},\"image\":{\"@id\":\"http:\/\/www.etxauri.eus\/es\/azaroak-25-emakumeen-kontrako-indarkeriaren-aurkako-nazioarteko-eguna\/#primaryimage\"},\"thumbnailUrl\":\"http:\/\/www.etxauri.eus\/wp-content\/uploads\/sites\/103\/2025\/11\/400.jpg\",\"datePublished\":\"2025-11-13T08:00:15+00:00\",\"dateModified\":\"2025-11-13T11:12:45+00:00\",\"author\":{\"@id\":\"http:\/\/www.etxauri.eus\/es\/#\/schema\/person\/96154b0a2bb433adf5bd83b7b313174d\"},\"breadcrumb\":{\"@id\":\"http:\/\/www.etxauri.eus\/es\/azaroak-25-emakumeen-kontrako-indarkeriaren-aurkako-nazioarteko-eguna\/#breadcrumb\"},\"inLanguage\":\"es\",\"potentialAction\":[{\"@type\":\"ReadAction\",\"target\":[[\"http:\/\/www.etxauri.eus\/es\/azaroak-25-emakumeen-kontrako-indarkeriaren-aurkako-nazioarteko-eguna\/\"]]}]},{\"@type\":\"ImageObject\",\"inLanguage\":\"es\",\"@id\":\"http:\/\/www.etxauri.eus\/es\/azaroak-25-emakumeen-kontrako-indarkeriaren-aurkako-nazioarteko-eguna\/#primaryimage\",\"url\":\"http:\/\/www.etxauri.eus\/wp-content\/uploads\/sites\/103\/2025\/11\/400.jpg\",\"contentUrl\":\"http:\/\/www.etxauri.eus\/wp-content\/uploads\/sites\/103\/2025\/11\/400.jpg\",\"width\":400,\"height\":452},{\"@type\":\"BreadcrumbList\",\"@id\":\"http:\/\/www.etxauri.eus\/es\/azaroak-25-emakumeen-kontrako-indarkeriaren-aurkako-nazioarteko-eguna\/#breadcrumb\",\"itemListElement\":[{\"@type\":\"ListItem\",\"position\":1,\"name\":\"Portada\",\"item\":\"http:\/\/www.etxauri.eus\/es\/\"},{\"@type\":\"ListItem\",\"position\":2,\"name\":\"25 NOVIEMBRE, D\u00cdA INTERNACIONAL CONTRA LA VIOLENCIA HACIA LAS MUJERES\"}]},{\"@type\":\"WebSite\",\"@id\":\"http:\/\/www.etxauri.eus\/es\/#website\",\"url\":\"http:\/\/www.etxauri.eus\/es\/\",\"name\":\"Ayuntamiento de Etxauri\",\"description\":\"Ayuntamiento de Etxauri\",\"potentialAction\":[{\"@type\":\"SearchAction\",\"target\":{\"@type\":\"EntryPoint\",\"urlTemplate\":\"http:\/\/www.etxauri.eus\/es\/?s={search_term_string}\"},\"query-input\":{\"@type\":\"PropertyValueSpecification\",\"valueRequired\":true,\"valueName\":\"search_term_string\"}}],\"inLanguage\":\"es\"},{\"@type\":\"Person\",\"@id\":\"http:\/\/www.etxauri.eus\/es\/#\/schema\/person\/96154b0a2bb433adf5bd83b7b313174d\",\"name\":\"Idoia\",\"image\":{\"@type\":\"ImageObject\",\"inLanguage\":\"es\",\"@id\":\"http:\/\/www.etxauri.eus\/es\/#\/schema\/person\/image\/\",\"url\":\"https:\/\/secure.gravatar.com\/avatar\/43ac25bbab66419145c7119afd7f92d8d2c1e0b7c408a3dfba5d33268f3a01fd?s=96&d=mm&r=g\",\"contentUrl\":\"https:\/\/secure.gravatar.com\/avatar\/43ac25bbab66419145c7119afd7f92d8d2c1e0b7c408a3dfba5d33268f3a01fd?s=96&d=mm&r=g\",\"caption\":\"Idoia\"},\"url\":\"http:\/\/www.etxauri.eus\/es\/author\/exruser1\/\"}]}<\/script>\r\n<!-- \/ Yoast SEO plugin. -->","yoast_head_json":{"title":"25 NOVIEMBRE, D\u00cdA INTERNACIONAL CONTRA LA VIOLENCIA HACIA LAS MUJERES - Ayuntamiento de Etxauri","robots":{"index":"index","follow":"follow","max-snippet":"max-snippet:-1","max-image-preview":"max-image-preview:large","max-video-preview":"max-video-preview:-1"},"canonical":"http:\/\/www.etxauri.eus\/es\/azaroak-25-emakumeen-kontrako-indarkeriaren-aurkako-nazioarteko-eguna\/","og_locale":"es_ES","og_type":"article","og_title":"25 NOVIEMBRE, D\u00cdA INTERNACIONAL CONTRA LA VIOLENCIA HACIA LAS MUJERES - Ayuntamiento de Etxauri","og_description":"El Ayuntamiento de Etxauri se une a esta campa\u00f1a conjunta del 25 de NOVIEMBRE, reafirmando su compromiso con la visibilizaci\u00f3n y el reconocimiento del papel esencial que las mujeres desempe\u00f1amos en el desarrollo sostenible de nuestras zonas rurales. &nbsp; DECLARACI\u00d3N&hellip;","og_url":"http:\/\/www.etxauri.eus\/es\/azaroak-25-emakumeen-kontrako-indarkeriaren-aurkako-nazioarteko-eguna\/","og_site_name":"Ayuntamiento de Etxauri","article_published_time":"2025-11-13T08:00:15+00:00","article_modified_time":"2025-11-13T11:12:45+00:00","og_image":[{"width":400,"height":452,"url":"http:\/\/www.etxauri.eus\/wp-content\/uploads\/sites\/103\/2025\/11\/400.jpg","type":"image\/jpeg"}],"author":"Idoia","twitter_card":"summary_large_image","twitter_misc":{"Escrito por":"Idoia","Tiempo de lectura":"1 minuto"},"schema":{"@context":"https:\/\/schema.org","@graph":[{"@type":"Article","@id":"http:\/\/www.etxauri.eus\/es\/azaroak-25-emakumeen-kontrako-indarkeriaren-aurkako-nazioarteko-eguna\/#article","isPartOf":{"@id":"http:\/\/www.etxauri.eus\/es\/azaroak-25-emakumeen-kontrako-indarkeriaren-aurkako-nazioarteko-eguna\/"},"author":{"name":"Idoia","@id":"http:\/\/www.etxauri.eus\/es\/#\/schema\/person\/96154b0a2bb433adf5bd83b7b313174d"},"headline":"25 NOVIEMBRE, D\u00cdA INTERNACIONAL CONTRA LA VIOLENCIA HACIA LAS MUJERES","datePublished":"2025-11-13T08:00:15+00:00","dateModified":"2025-11-13T11:12:45+00:00","mainEntityOfPage":{"@id":"http:\/\/www.etxauri.eus\/es\/azaroak-25-emakumeen-kontrako-indarkeriaren-aurkako-nazioarteko-eguna\/"},"wordCount":183,"image":{"@id":"http:\/\/www.etxauri.eus\/es\/azaroak-25-emakumeen-kontrako-indarkeriaren-aurkako-nazioarteko-eguna\/#primaryimage"},"thumbnailUrl":"http:\/\/www.etxauri.eus\/wp-content\/uploads\/sites\/103\/2025\/11\/400.jpg","articleSection":["Agenda.","Mujeres"],"inLanguage":"es"},{"@type":"WebPage","@id":"http:\/\/www.etxauri.eus\/es\/azaroak-25-emakumeen-kontrako-indarkeriaren-aurkako-nazioarteko-eguna\/","url":"http:\/\/www.etxauri.eus\/es\/azaroak-25-emakumeen-kontrako-indarkeriaren-aurkako-nazioarteko-eguna\/","name":"25 NOVIEMBRE, D\u00cdA INTERNACIONAL CONTRA LA VIOLENCIA HACIA LAS MUJERES - Ayuntamiento de Etxauri","isPartOf":{"@id":"http:\/\/www.etxauri.eus\/es\/#website"},"primaryImageOfPage":{"@id":"http:\/\/www.etxauri.eus\/es\/azaroak-25-emakumeen-kontrako-indarkeriaren-aurkako-nazioarteko-eguna\/#primaryimage"},"image":{"@id":"http:\/\/www.etxauri.eus\/es\/azaroak-25-emakumeen-kontrako-indarkeriaren-aurkako-nazioarteko-eguna\/#primaryimage"},"thumbnailUrl":"http:\/\/www.etxauri.eus\/wp-content\/uploads\/sites\/103\/2025\/11\/400.jpg","datePublished":"2025-11-13T08:00:15+00:00","dateModified":"2025-11-13T11:12:45+00:00","author":{"@id":"http:\/\/www.etxauri.eus\/es\/#\/schema\/person\/96154b0a2bb433adf5bd83b7b313174d"},"breadcrumb":{"@id":"http:\/\/www.etxauri.eus\/es\/azaroak-25-emakumeen-kontrako-indarkeriaren-aurkako-nazioarteko-eguna\/#breadcrumb"},"inLanguage":"es","potentialAction":[{"@type":"ReadAction","target":[["http:\/\/www.etxauri.eus\/es\/azaroak-25-emakumeen-kontrako-indarkeriaren-aurkako-nazioarteko-eguna\/"]]}]},{"@type":"ImageObject","inLanguage":"es","@id":"http:\/\/www.etxauri.eus\/es\/azaroak-25-emakumeen-kontrako-indarkeriaren-aurkako-nazioarteko-eguna\/#primaryimage","url":"http:\/\/www.etxauri.eus\/wp-content\/uploads\/sites\/103\/2025\/11\/400.jpg","contentUrl":"http:\/\/www.etxauri.eus\/wp-content\/uploads\/sites\/103\/2025\/11\/400.jpg","width":400,"height":452},{"@type":"BreadcrumbList","@id":"http:\/\/www.etxauri.eus\/es\/azaroak-25-emakumeen-kontrako-indarkeriaren-aurkako-nazioarteko-eguna\/#breadcrumb","itemListElement":[{"@type":"ListItem","position":1,"name":"Portada","item":"http:\/\/www.etxauri.eus\/es\/"},{"@type":"ListItem","position":2,"name":"25 NOVIEMBRE, D\u00cdA INTERNACIONAL CONTRA LA VIOLENCIA HACIA LAS MUJERES"}]},{"@type":"WebSite","@id":"http:\/\/www.etxauri.eus\/es\/#website","url":"http:\/\/www.etxauri.eus\/es\/","name":"Ayuntamiento de Etxauri","description":"Ayuntamiento de Etxauri","potentialAction":[{"@type":"SearchAction","target":{"@type":"EntryPoint","urlTemplate":"http:\/\/www.etxauri.eus\/es\/?s={search_term_string}"},"query-input":{"@type":"PropertyValueSpecification","valueRequired":true,"valueName":"search_term_string"}}],"inLanguage":"es"},{"@type":"Person","@id":"http:\/\/www.etxauri.eus\/es\/#\/schema\/person\/96154b0a2bb433adf5bd83b7b313174d","name":"Idoia","image":{"@type":"ImageObject","inLanguage":"es","@id":"http:\/\/www.etxauri.eus\/es\/#\/schema\/person\/image\/","url":"https:\/\/secure.gravatar.com\/avatar\/43ac25bbab66419145c7119afd7f92d8d2c1e0b7c408a3dfba5d33268f3a01fd?s=96&d=mm&r=g","contentUrl":"https:\/\/secure.gravatar.com\/avatar\/43ac25bbab66419145c7119afd7f92d8d2c1e0b7c408a3dfba5d33268f3a01fd?s=96&d=mm&r=g","caption":"Idoia"},"url":"http:\/\/www.etxauri.eus\/es\/author\/exruser1\/"}]}},"_links":{"self":[{"href":"http:\/\/www.etxauri.eus\/es\/wp-json\/wp\/v2\/posts\/17152","targetHints":{"allow":["GET"]}}],"collection":[{"href":"http:\/\/www.etxauri.eus\/es\/wp-json\/wp\/v2\/posts"}],"about":[{"href":"http:\/\/www.etxauri.eus\/es\/wp-json\/wp\/v2\/types\/post"}],"author":[{"embeddable":true,"href":"http:\/\/www.etxauri.eus\/es\/wp-json\/wp\/v2\/users\/281"}],"replies":[{"embeddable":true,"href":"http:\/\/www.etxauri.eus\/es\/wp-json\/wp\/v2\/comments?post=17152"}],"version-history":[{"count":10,"href":"http:\/\/www.etxauri.eus\/es\/wp-json\/wp\/v2\/posts\/17152\/revisions"}],"predecessor-version":[{"id":17201,"href":"http:\/\/www.etxauri.eus\/es\/wp-json\/wp\/v2\/posts\/17152\/revisions\/17201"}],"wp:featuredmedia":[{"embeddable":true,"href":"http:\/\/www.etxauri.eus\/es\/wp-json\/wp\/v2\/media\/17197"}],"wp:attachment":[{"href":"http:\/\/www.etxauri.eus\/es\/wp-json\/wp\/v2\/media?parent=17152"}],"wp:term":[{"taxonomy":"category","embeddable":true,"href":"http:\/\/www.etxauri.eus\/es\/wp-json\/wp\/v2\/categories?post=17152"},{"taxonomy":"post_tag","embeddable":true,"href":"http:\/\/www.etxauri.eus\/es\/wp-json\/wp\/v2\/tags?post=17152"}],"curies":[{"name":"wp","href":"https:\/\/api.w.org\/{rel}","templated":true}]}}