{"id":13359,"date":"2022-04-15T20:27:57","date_gmt":"2022-04-15T18:27:57","guid":{"rendered":"http:\/\/www.etxauri.eus\/?p=13359"},"modified":"2025-04-21T17:47:05","modified_gmt":"2025-04-21T15:47:05","slug":"itsasu-eta-euskara","status":"publish","type":"post","link":"https:\/\/www.etxauri.eus\/es\/itsasu-eta-euskara\/","title":{"rendered":"ITSASU Y EL EUSKERA"},"content":{"rendered":"<p><\/p>\n<h2><span style=\"color: #000000\">El Ayuntamiento de Itsasu, al Ayuntamiento de Etxauri:<\/span><\/h2>\n<p><span style=\"color: #000000\">El 11 de marzo, celebramos en la sala Sanoki de Itsasu la firma de la carta del euskera de los representantes de 49 casas de pueblos de Iparralde.<\/span><br \/>\n<span style=\"color: #000000\">El Consejo de Europa gestiona la carta de las lenguas minoritarias, y como Francia no lo autoriz\u00f3 en su totalidad, si entr\u00e1bamos en la casa del pueblo en el camino de nuestra candidatura, trabajar\u00edamos esa carta del euskera. La comisi\u00f3n de euskera de la casa del pueblo de Itsasu, en colaboraci\u00f3n con la confederaci\u00f3n vasca, ha conseguido traer el 11 de marzo a 48 nuevas casas del pueblo.<\/span><br \/>\n<span style=\"color: #000000\">En el siguiente mensaje os enviamos el breve v\u00eddeo que Kanaldude acaba de realizar de aquella celebraci\u00f3n: <\/span><\/p>\n<h6><span style=\"color: #ff0000\"><a style=\"color: #ff0000\" href=\"https:\/\/kanaldude.eus\/bideoak\/5150-hurbiletik-europako-hizkuntza-gutituen-aldeko-pindar-berria\" target=\"_blank\" rel=\"noopener\">Europako hizkuntza gutituen aldeko pindar berria<\/a><\/span><\/h6>\n<p><\/p>","protected":false},"excerpt":{"rendered":"<p>El Ayuntamiento de Itsasu, al Ayuntamiento de Etxauri: El 11 de marzo, celebramos en la sala Sanoki de Itsasu la firma de la carta del euskera de los representantes de 49 casas de pueblos de Iparralde. El Consejo de Europa&hellip; <\/p>\n","protected":false},"author":281,"featured_media":13366,"comment_status":"closed","ping_status":"closed","sticky":false,"template":"","format":"standard","meta":{"_monsterinsights_skip_tracking":false,"_monsterinsights_sitenote_active":false,"_monsterinsights_sitenote_note":"","_monsterinsights_sitenote_category":0,"footnotes":""},"categories":[21],"tags":[],"class_list":["post-13359","post","type-post","status-publish","format-standard","has-post-thumbnail","hentry","category-itsasu"],"yoast_head":"<!-- This site is optimized with the Yoast SEO plugin v26.8 - https:\/\/yoast.com\/product\/yoast-seo-wordpress\/ -->\r\n<title>ITSASU Y EL EUSKERA - Ayuntamiento de Etxauri<\/title>\r\n<meta name=\"robots\" content=\"index, follow, max-snippet:-1, max-image-preview:large, max-video-preview:-1\" \/>\r\n<link rel=\"canonical\" href=\"https:\/\/www.etxauri.eus\/es\/itsasu-eta-euskara\/\" \/>\r\n<meta property=\"og:locale\" content=\"es_ES\" \/>\r\n<meta property=\"og:type\" content=\"article\" \/>\r\n<meta property=\"og:title\" content=\"ITSASU Y EL EUSKERA - Ayuntamiento de Etxauri\" \/>\r\n<meta property=\"og:description\" content=\"El Ayuntamiento de Itsasu, al Ayuntamiento de Etxauri: El 11 de marzo, celebramos en la sala Sanoki de Itsasu la firma de la carta del euskera de los representantes de 49 casas de pueblos de Iparralde. El Consejo de Europa&hellip;\" \/>\r\n<meta property=\"og:url\" content=\"https:\/\/www.etxauri.eus\/es\/itsasu-eta-euskara\/\" \/>\r\n<meta property=\"og:site_name\" content=\"Ayuntamiento de Etxauri\" \/>\r\n<meta property=\"article:published_time\" content=\"2022-04-15T18:27:57+00:00\" \/>\r\n<meta property=\"article:modified_time\" content=\"2025-04-21T15:47:05+00:00\" \/>\r\n<meta property=\"og:image\" content=\"https:\/\/www.etxauri.eus\/wp-content\/uploads\/sites\/103\/2022\/07\/xapata.jpg\" \/>\r\n\t<meta property=\"og:image:width\" content=\"768\" \/>\r\n\t<meta property=\"og:image:height\" content=\"511\" \/>\r\n\t<meta property=\"og:image:type\" content=\"image\/jpeg\" \/>\r\n<meta name=\"author\" content=\"Idoia\" \/>\r\n<meta name=\"twitter:card\" content=\"summary_large_image\" \/>\r\n<meta name=\"twitter:label1\" content=\"Escrito por\" \/>\n\t<meta name=\"twitter:data1\" content=\"Idoia\" \/>\n\t<meta name=\"twitter:label2\" content=\"Tiempo de lectura\" \/>\n\t<meta name=\"twitter:data2\" content=\"1 minuto\" \/>\r\n<script type=\"application\/ld+json\" class=\"yoast-schema-graph\">{\"@context\":\"https:\/\/schema.org\",\"@graph\":[{\"@type\":\"Article\",\"@id\":\"https:\/\/www.etxauri.eus\/es\/itsasu-eta-euskara\/#article\",\"isPartOf\":{\"@id\":\"https:\/\/www.etxauri.eus\/es\/itsasu-eta-euskara\/\"},\"author\":{\"name\":\"Idoia\",\"@id\":\"https:\/\/www.etxauri.eus\/#\/schema\/person\/96154b0a2bb433adf5bd83b7b313174d\"},\"headline\":\"ITSASU Y EL EUSKERA\",\"datePublished\":\"2022-04-15T18:27:57+00:00\",\"dateModified\":\"2025-04-21T15:47:05+00:00\",\"mainEntityOfPage\":{\"@id\":\"https:\/\/www.etxauri.eus\/es\/itsasu-eta-euskara\/\"},\"wordCount\":224,\"image\":{\"@id\":\"https:\/\/www.etxauri.eus\/es\/itsasu-eta-euskara\/#primaryimage\"},\"thumbnailUrl\":\"https:\/\/www.etxauri.eus\/wp-content\/uploads\/sites\/103\/2022\/07\/xapata.jpg\",\"articleSection\":[\"Itsasu\"],\"inLanguage\":\"es\"},{\"@type\":\"WebPage\",\"@id\":\"https:\/\/www.etxauri.eus\/es\/itsasu-eta-euskara\/\",\"url\":\"https:\/\/www.etxauri.eus\/es\/itsasu-eta-euskara\/\",\"name\":\"ITSASU Y EL EUSKERA - Ayuntamiento de Etxauri\",\"isPartOf\":{\"@id\":\"https:\/\/www.etxauri.eus\/es\/#website\"},\"primaryImageOfPage\":{\"@id\":\"https:\/\/www.etxauri.eus\/es\/itsasu-eta-euskara\/#primaryimage\"},\"image\":{\"@id\":\"https:\/\/www.etxauri.eus\/es\/itsasu-eta-euskara\/#primaryimage\"},\"thumbnailUrl\":\"https:\/\/www.etxauri.eus\/wp-content\/uploads\/sites\/103\/2022\/07\/xapata.jpg\",\"datePublished\":\"2022-04-15T18:27:57+00:00\",\"dateModified\":\"2025-04-21T15:47:05+00:00\",\"author\":{\"@id\":\"https:\/\/www.etxauri.eus\/#\/schema\/person\/96154b0a2bb433adf5bd83b7b313174d\"},\"breadcrumb\":{\"@id\":\"https:\/\/www.etxauri.eus\/es\/itsasu-eta-euskara\/#breadcrumb\"},\"inLanguage\":\"es\",\"potentialAction\":[{\"@type\":\"ReadAction\",\"target\":[[\"https:\/\/www.etxauri.eus\/es\/itsasu-eta-euskara\/\"]]}]},{\"@type\":\"ImageObject\",\"inLanguage\":\"es\",\"@id\":\"https:\/\/www.etxauri.eus\/es\/itsasu-eta-euskara\/#primaryimage\",\"url\":\"https:\/\/www.etxauri.eus\/wp-content\/uploads\/sites\/103\/2022\/07\/xapata.jpg\",\"contentUrl\":\"https:\/\/www.etxauri.eus\/wp-content\/uploads\/sites\/103\/2022\/07\/xapata.jpg\",\"width\":768,\"height\":511},{\"@type\":\"BreadcrumbList\",\"@id\":\"https:\/\/www.etxauri.eus\/es\/itsasu-eta-euskara\/#breadcrumb\",\"itemListElement\":[{\"@type\":\"ListItem\",\"position\":1,\"name\":\"Portada\",\"item\":\"https:\/\/www.etxauri.eus\/es\/\"},{\"@type\":\"ListItem\",\"position\":2,\"name\":\"ITSASU Y EL EUSKERA\"}]},{\"@type\":\"WebSite\",\"@id\":\"https:\/\/www.etxauri.eus\/es\/#website\",\"url\":\"https:\/\/www.etxauri.eus\/es\/\",\"name\":\"Ayuntamiento de Etxauri\",\"description\":\"Ayuntamiento de Etxauri\",\"potentialAction\":[{\"@type\":\"SearchAction\",\"target\":{\"@type\":\"EntryPoint\",\"urlTemplate\":\"https:\/\/www.etxauri.eus\/es\/?s={search_term_string}\"},\"query-input\":{\"@type\":\"PropertyValueSpecification\",\"valueRequired\":true,\"valueName\":\"search_term_string\"}}],\"inLanguage\":\"es\"},{\"@type\":\"Person\",\"@id\":\"https:\/\/www.etxauri.eus\/#\/schema\/person\/96154b0a2bb433adf5bd83b7b313174d\",\"name\":\"Idoia\",\"image\":{\"@type\":\"ImageObject\",\"inLanguage\":\"es\",\"@id\":\"https:\/\/www.etxauri.eus\/es\/#\/schema\/person\/image\/\",\"url\":\"https:\/\/secure.gravatar.com\/avatar\/43ac25bbab66419145c7119afd7f92d8d2c1e0b7c408a3dfba5d33268f3a01fd?s=96&d=mm&r=g\",\"contentUrl\":\"https:\/\/secure.gravatar.com\/avatar\/43ac25bbab66419145c7119afd7f92d8d2c1e0b7c408a3dfba5d33268f3a01fd?s=96&d=mm&r=g\",\"caption\":\"Idoia\"},\"url\":\"https:\/\/www.etxauri.eus\/es\/author\/exruser1\/\"}]}<\/script>\r\n<!-- \/ Yoast SEO plugin. -->","yoast_head_json":{"title":"ITSASU Y EL EUSKERA - Ayuntamiento de Etxauri","robots":{"index":"index","follow":"follow","max-snippet":"max-snippet:-1","max-image-preview":"max-image-preview:large","max-video-preview":"max-video-preview:-1"},"canonical":"https:\/\/www.etxauri.eus\/es\/itsasu-eta-euskara\/","og_locale":"es_ES","og_type":"article","og_title":"ITSASU Y EL EUSKERA - Ayuntamiento de Etxauri","og_description":"El Ayuntamiento de Itsasu, al Ayuntamiento de Etxauri: El 11 de marzo, celebramos en la sala Sanoki de Itsasu la firma de la carta del euskera de los representantes de 49 casas de pueblos de Iparralde. El Consejo de Europa&hellip;","og_url":"https:\/\/www.etxauri.eus\/es\/itsasu-eta-euskara\/","og_site_name":"Ayuntamiento de Etxauri","article_published_time":"2022-04-15T18:27:57+00:00","article_modified_time":"2025-04-21T15:47:05+00:00","og_image":[{"width":768,"height":511,"url":"https:\/\/www.etxauri.eus\/wp-content\/uploads\/sites\/103\/2022\/07\/xapata.jpg","type":"image\/jpeg"}],"author":"Idoia","twitter_card":"summary_large_image","twitter_misc":{"Escrito por":"Idoia","Tiempo de lectura":"1 minuto"},"schema":{"@context":"https:\/\/schema.org","@graph":[{"@type":"Article","@id":"https:\/\/www.etxauri.eus\/es\/itsasu-eta-euskara\/#article","isPartOf":{"@id":"https:\/\/www.etxauri.eus\/es\/itsasu-eta-euskara\/"},"author":{"name":"Idoia","@id":"https:\/\/www.etxauri.eus\/#\/schema\/person\/96154b0a2bb433adf5bd83b7b313174d"},"headline":"ITSASU Y EL EUSKERA","datePublished":"2022-04-15T18:27:57+00:00","dateModified":"2025-04-21T15:47:05+00:00","mainEntityOfPage":{"@id":"https:\/\/www.etxauri.eus\/es\/itsasu-eta-euskara\/"},"wordCount":224,"image":{"@id":"https:\/\/www.etxauri.eus\/es\/itsasu-eta-euskara\/#primaryimage"},"thumbnailUrl":"https:\/\/www.etxauri.eus\/wp-content\/uploads\/sites\/103\/2022\/07\/xapata.jpg","articleSection":["Itsasu"],"inLanguage":"es"},{"@type":"WebPage","@id":"https:\/\/www.etxauri.eus\/es\/itsasu-eta-euskara\/","url":"https:\/\/www.etxauri.eus\/es\/itsasu-eta-euskara\/","name":"ITSASU Y EL EUSKERA - Ayuntamiento de Etxauri","isPartOf":{"@id":"https:\/\/www.etxauri.eus\/es\/#website"},"primaryImageOfPage":{"@id":"https:\/\/www.etxauri.eus\/es\/itsasu-eta-euskara\/#primaryimage"},"image":{"@id":"https:\/\/www.etxauri.eus\/es\/itsasu-eta-euskara\/#primaryimage"},"thumbnailUrl":"https:\/\/www.etxauri.eus\/wp-content\/uploads\/sites\/103\/2022\/07\/xapata.jpg","datePublished":"2022-04-15T18:27:57+00:00","dateModified":"2025-04-21T15:47:05+00:00","author":{"@id":"https:\/\/www.etxauri.eus\/#\/schema\/person\/96154b0a2bb433adf5bd83b7b313174d"},"breadcrumb":{"@id":"https:\/\/www.etxauri.eus\/es\/itsasu-eta-euskara\/#breadcrumb"},"inLanguage":"es","potentialAction":[{"@type":"ReadAction","target":[["https:\/\/www.etxauri.eus\/es\/itsasu-eta-euskara\/"]]}]},{"@type":"ImageObject","inLanguage":"es","@id":"https:\/\/www.etxauri.eus\/es\/itsasu-eta-euskara\/#primaryimage","url":"https:\/\/www.etxauri.eus\/wp-content\/uploads\/sites\/103\/2022\/07\/xapata.jpg","contentUrl":"https:\/\/www.etxauri.eus\/wp-content\/uploads\/sites\/103\/2022\/07\/xapata.jpg","width":768,"height":511},{"@type":"BreadcrumbList","@id":"https:\/\/www.etxauri.eus\/es\/itsasu-eta-euskara\/#breadcrumb","itemListElement":[{"@type":"ListItem","position":1,"name":"Portada","item":"https:\/\/www.etxauri.eus\/es\/"},{"@type":"ListItem","position":2,"name":"ITSASU Y EL EUSKERA"}]},{"@type":"WebSite","@id":"https:\/\/www.etxauri.eus\/es\/#website","url":"https:\/\/www.etxauri.eus\/es\/","name":"Ayuntamiento de Etxauri","description":"Ayuntamiento de Etxauri","potentialAction":[{"@type":"SearchAction","target":{"@type":"EntryPoint","urlTemplate":"https:\/\/www.etxauri.eus\/es\/?s={search_term_string}"},"query-input":{"@type":"PropertyValueSpecification","valueRequired":true,"valueName":"search_term_string"}}],"inLanguage":"es"},{"@type":"Person","@id":"https:\/\/www.etxauri.eus\/#\/schema\/person\/96154b0a2bb433adf5bd83b7b313174d","name":"Idoia","image":{"@type":"ImageObject","inLanguage":"es","@id":"https:\/\/www.etxauri.eus\/es\/#\/schema\/person\/image\/","url":"https:\/\/secure.gravatar.com\/avatar\/43ac25bbab66419145c7119afd7f92d8d2c1e0b7c408a3dfba5d33268f3a01fd?s=96&d=mm&r=g","contentUrl":"https:\/\/secure.gravatar.com\/avatar\/43ac25bbab66419145c7119afd7f92d8d2c1e0b7c408a3dfba5d33268f3a01fd?s=96&d=mm&r=g","caption":"Idoia"},"url":"https:\/\/www.etxauri.eus\/es\/author\/exruser1\/"}]}},"_links":{"self":[{"href":"https:\/\/www.etxauri.eus\/es\/wp-json\/wp\/v2\/posts\/13359","targetHints":{"allow":["GET"]}}],"collection":[{"href":"https:\/\/www.etxauri.eus\/es\/wp-json\/wp\/v2\/posts"}],"about":[{"href":"https:\/\/www.etxauri.eus\/es\/wp-json\/wp\/v2\/types\/post"}],"author":[{"embeddable":true,"href":"https:\/\/www.etxauri.eus\/es\/wp-json\/wp\/v2\/users\/281"}],"replies":[{"embeddable":true,"href":"https:\/\/www.etxauri.eus\/es\/wp-json\/wp\/v2\/comments?post=13359"}],"version-history":[{"count":6,"href":"https:\/\/www.etxauri.eus\/es\/wp-json\/wp\/v2\/posts\/13359\/revisions"}],"predecessor-version":[{"id":13367,"href":"https:\/\/www.etxauri.eus\/es\/wp-json\/wp\/v2\/posts\/13359\/revisions\/13367"}],"wp:featuredmedia":[{"embeddable":true,"href":"https:\/\/www.etxauri.eus\/es\/wp-json\/wp\/v2\/media\/13366"}],"wp:attachment":[{"href":"https:\/\/www.etxauri.eus\/es\/wp-json\/wp\/v2\/media?parent=13359"}],"wp:term":[{"taxonomy":"category","embeddable":true,"href":"https:\/\/www.etxauri.eus\/es\/wp-json\/wp\/v2\/categories?post=13359"},{"taxonomy":"post_tag","embeddable":true,"href":"https:\/\/www.etxauri.eus\/es\/wp-json\/wp\/v2\/tags?post=13359"}],"curies":[{"name":"wp","href":"https:\/\/api.w.org\/{rel}","templated":true}]}}