{"id":14299,"date":"2024-04-15T08:30:37","date_gmt":"2024-04-15T06:30:37","guid":{"rendered":"http:\/\/www.etxauri.eus\/?p=14299"},"modified":"2024-04-18T11:31:43","modified_gmt":"2024-04-18T09:31:43","slug":"hegazti-habiagileen-atlasa","status":"publish","type":"post","link":"https:\/\/www.etxauri.eus\/es\/hegazti-habiagileen-atlasa\/","title":{"rendered":"ATLAS DE AVES NIDIFICANTES"},"content":{"rendered":"<p><\/p>\n<h1 style=\"text-align: justify\"><span class=\"x19la9d6 x1fc57z9 x6ikm8r x10wlt62 x19co3pv x1g5zs5t xfibh0p xiy17q3 x1xsqp64 x1lkfr7t xexx8yu x4uap5 x18d9i69 xkhd6sd\"><span class=\"xrtxmta x1bhl96m\">?<\/span><\/span><span class=\"x19la9d6 x1fc57z9 x6ikm8r x10wlt62 x19co3pv x1g5zs5t xfibh0p xiy17q3 x1xsqp64 x1lkfr7t xexx8yu x4uap5 x18d9i69 xkhd6sd\"><span class=\"xrtxmta x1bhl96m\">?<\/span><\/span><span class=\"x19la9d6 x1fc57z9 x6ikm8r x10wlt62 x19co3pv x1g5zs5t xfibh0p xiy17q3 x1xsqp64 x1lkfr7t xexx8yu x4uap5 x18d9i69 xkhd6sd\"><span class=\"xrtxmta x1bhl96m\">? <\/span><\/span><span style=\"color: #000000\">Este lunes, 15 de abril, comienzan los censos de Aves del Proyecto \u00abAtlas de Aves NIdificantes de la Comarca de Pamplona\u00bb en su segundo a\u00f1o de andadura; recordar que son tres a\u00f1os de proyecto:<\/span><\/h1>\n<div>\n<ul>\n<li>\n<h1><a href=\"https:\/\/www.avescomarcapamplona.es\/\" target=\"_blank\" rel=\"noopener noreferrer\"><strong>Atlas de aves nidificantes de la Comarca de Pamplona<\/strong><\/a><\/h1>\n<\/li>\n<\/ul>\n<h1 style=\"text-align: justify\"><span style=\"color: #000000\">Muchas personas de vosotras, ya hab\u00e9is elegido cuadr\u00edculas para empezar a realizar los censos en esta primavera 2024. \u00a1Agradeceros de nuevo vuestra colaboraci\u00f3n!<\/span><\/h1>\n<h1 style=\"text-align: justify\"><span style=\"color: #000000\">Las que todav\u00eda no hab\u00e9is elegido cuadr\u00edcula, os animamos a elegir una nueva cuadr\u00edcula para realizarla en esta primavera. Os dejamos el enlace para elegir las cuadr\u00edculas que todav\u00eda quedan por hacer (en color azul) :<\/span><\/h1>\n<p>&nbsp;<\/p>\n<div>\n<ul>\n<li>\n<h3><strong><a href=\"https:\/\/www.avescomarcapamplona.es\/metodolog%C3%ADa-de-censo\" target=\"_blank\" rel=\"noopener noreferrer\">Cuadr\u00edculas UTM de 1x1km<\/a><\/strong><\/h3>\n<\/li>\n<li>\n<h3><strong><a href=\"https:\/\/www.avescomarcapamplona.es\/c%C3%B3mo-participo\" target=\"_blank\" rel=\"noopener noreferrer\">\u00bfC\u00f3mo participo?<\/a><\/strong><\/h3>\n<\/li>\n<\/ul>\n<p>&nbsp;<\/p>\n<h1 style=\"text-align: justify\"><span style=\"color: #000000\">Os dejamos el enlace de los resultados obtenidos el a\u00f1o pasado 2023. Algunos\/as os hemos visto en las charlas que hemos dado y estamos dando en los municipios que participan en el proyecto, adjuntamos tambi\u00e9n la agenda donde podr\u00e9is ver pr\u00f3ximos cursos y charlas sobre el proyecto:<\/span><\/h1>\n<div>\n<ul>\n<li>\n<h2><strong><a href=\"https:\/\/www.avescomarcapamplona.es\/resultados-preliminares\" target=\"_blank\" rel=\"noopener noreferrer\">Resultados preliminares 2023<\/a><\/strong><\/h2>\n<\/li>\n<li>\n<h2><strong><a href=\"https:\/\/www.avescomarcapamplona.es\/agenda\" target=\"_blank\" rel=\"noopener noreferrer\">Agenda<\/a><\/strong><\/h2>\n<\/li>\n<\/ul>\n<\/div>\n<\/div>\n<\/div>\n<h1><span style=\"color: #ff0000\"><strong><a style=\"color: #ff0000\" href=\"http:\/\/www.etxauri.eus\/wp-content\/uploads\/sites\/103\/2023\/05\/Seguimiento-elaboracion-Atlas-Aves-Cuenca-Pamplona.pdf\" class=\"mtli_attachment mtli_pdf\" target=\"_blank\" rel=\"noopener\">SEGUIMIENTO elaboraci\u00f3n Atlas Aves Nidificantes de la\u00a0 Comarca Pamplona (13\/12\/2023):<\/a><\/strong><\/span><\/h1>\n<p>&nbsp;<\/p>\n<h1><span style=\"color: #008000\"><strong><a style=\"color: #008000\" href=\"http:\/\/www.etxauri.eus\/wp-content\/uploads\/sites\/103\/2023\/05\/Seguimiento-elaboracion-Atlas-Aves-Cuenca-Pamplona.pdf\" class=\"mtli_attachment mtli_pdf\" target=\"_blank\" rel=\"noopener\">Atlas Aves nidificantes de la Comarca de Pamplona<\/a><\/strong><\/span><\/h1>\n<p>&nbsp;<\/p>\n<p>&nbsp;<\/p>\n<h4><span style=\"color: #008000\"><span class=\"fe5nidar khvhiq1o r5qsrrlp i5tg98hk f9ovudaz przvwfww gx1rr48f gfz4du6o r7fjleex nz2484kf svot0ezm dcnh1tix sxl192xd t3g6t33p\"><span class=\"mpj7bzys xzlurrtv\">?<\/span><\/span><\/span><span style=\"color: #008000\"><span class=\"fe5nidar khvhiq1o r5qsrrlp i5tg98hk f9ovudaz przvwfww gx1rr48f gfz4du6o r7fjleex nz2484kf svot0ezm dcnh1tix sxl192xd t3g6t33p\"><span class=\"mpj7bzys xzlurrtv\">?<\/span><\/span><span class=\"fe5nidar khvhiq1o r5qsrrlp i5tg98hk f9ovudaz przvwfww gx1rr48f gfz4du6o r7fjleex nz2484kf svot0ezm dcnh1tix sxl192xd t3g6t33p\"><span class=\"mpj7bzys xzlurrtv\">?<\/span><\/span><span class=\"fe5nidar khvhiq1o r5qsrrlp i5tg98hk f9ovudaz przvwfww gx1rr48f gfz4du6o r7fjleex nz2484kf svot0ezm dcnh1tix sxl192xd t3g6t33p\"><span class=\"mpj7bzys xzlurrtv\">?<\/span><\/span><span class=\"fe5nidar khvhiq1o r5qsrrlp i5tg98hk f9ovudaz przvwfww gx1rr48f gfz4du6o r7fjleex nz2484kf svot0ezm dcnh1tix sxl192xd t3g6t33p\"><span class=\"mpj7bzys xzlurrtv\">?<\/span><\/span>\u00bfQuieres participar como persona voluntaria en el proyecto de elaboraci\u00f3n de un atlas de aves nidificantes de la Comarca de Pamplona? \u00bfQuieres conocer las que hay en Etxauri? \u00a1Esta es t\u00fa oportunidad!:<\/span><\/h4>\n<h4><\/h4>\n<ol>\n<li>\n<h1><span style=\"color: #008000\"><strong><a style=\"color: #008000\" href=\"https:\/\/www.avespamplona.es\/c%C3%B3mo-participo\" target=\"_blank\" rel=\"noopener\">\u00bfC\u00f3mo participo?\u00a0<\/a><\/strong><\/span><\/h1>\n<\/li>\n<li>\n<h1><span style=\"color: #008000\"><strong><a style=\"color: #008000\" href=\"https:\/\/www.avespamplona.es\/metodolog%C3%ADa-de-censo\" target=\"_blank\" rel=\"noopener\">Metodolog\u00eda de censo<\/a><\/strong><\/span><\/h1>\n<\/li>\n<li>\n<h1><span style=\"color: #008000\"><strong><a style=\"color: #008000\" href=\"http:\/\/www.etxauri.eus\/wp-content\/uploads\/sites\/103\/2023\/04\/ProtocoloAtlasCuencaPamplona_cualitativo.pdf\" class=\"mtli_attachment mtli_pdf\" target=\"_blank\" rel=\"noopener\">Protocolo Censo Cualitativo\u00a0<\/a><\/strong><\/span><\/h1>\n<\/li>\n<\/ol>\n<h1><\/h1>\n<h1><a href=\"https:\/\/www.ornitho-navarra.es\/index.php?m_id=1&amp;logout=1\" target=\"_blank\" rel=\"noopener\">Ornitho-Navarra<\/a>: \u00a0<span style=\"color: #000000\">portal de ciencia ciudadana, dedicado a la recopilaci\u00f3n y difusi\u00f3n de informaci\u00f3n naturalista<\/span><\/h1>\n<p>&nbsp;<\/p>\n<h1><span style=\"color: #000000\"><span id=\"page43R_mcid92\" class=\"markedContent\"><span dir=\"ltr\" role=\"presentation\">Aplicaci\u00f3n <strong><span style=\"color: #008000\">BirdNET<\/span><\/strong> de r<\/span><\/span><span id=\"page43R_mcid93\" class=\"markedContent\"><span dir=\"ltr\" role=\"presentation\">econocimiento de sonidos de p\u00e1jaros<\/span><\/span><\/span><\/h1>\n<p>&nbsp;<\/p>\n<h1><strong><a href=\"https:\/\/ebird.org\/region\/ES-NC\">e<span style=\"color: #000000\">Bird,<\/span><\/a> <\/strong><span style=\"color: #000000\">proyecto de ciencia ciudadana relacionado con biodiversidad<\/span><\/h1>\n<p>&nbsp;<\/p>\n<h1><span style=\"color: #008000\"><strong><a style=\"color: #008000\" href=\"https:\/\/xeno-canto.org\/collection\/area\/europe\" target=\"_blank\" rel=\"noopener\">xeno-canto.org\u00a0<\/a><\/strong><\/span><span style=\"color: #000000\">es un sitio web para compartir grabaciones de sonidos de vida silvestre de todo el mundo<\/span><\/h1>\n<p>&nbsp;<\/p>\n<h1 class=\"wp-block-heading alignfull has-text-align-center has-black-color has-text-color\" style=\"text-align: left\"><span style=\"color: #000000\">Gu\u00eda de identificaci\u00f3n de aves de Arag\u00f3n y Espa\u00f1a continental:\u00a0<\/span><\/h1>\n<h4><strong><a href=\"http:\/\/blascozumeta.com\/\" target=\"_blank\" rel=\"noopener\">Gu\u00eda de identificaci\u00f3n de aves de Arag\u00f3n y Espa\u00f1a continental<\/a><\/strong><\/h4>\n<p>&nbsp;<\/p>\n<h1><span style=\"color: #ff0000\"><a style=\"color: #ff0000\" href=\"https:\/\/www.aranzadi.eus\/atlas-de-aves-en-la-comarca-de-pamplona\" target=\"_blank\" rel=\"noopener\"><strong>Presentaci\u00f3n del Atlas<\/strong> <strong>de aves nidificantes de la Comarca de Pamplona<\/strong><\/a><\/span><\/h1>\n<p>&nbsp;<\/p>\n<p>&nbsp;<\/p>","protected":false},"excerpt":{"rendered":"<p>??? Este lunes, 15 de abril, comienzan los censos de Aves del Proyecto \u00abAtlas de Aves NIdificantes de la Comarca de Pamplona\u00bb en su segundo a\u00f1o de andadura; recordar que son tres a\u00f1os de proyecto: Atlas de aves nidificantes de&hellip; <\/p>\n","protected":false},"author":281,"featured_media":14301,"comment_status":"closed","ping_status":"closed","sticky":false,"template":"","format":"standard","meta":{"_monsterinsights_skip_tracking":false,"_monsterinsights_sitenote_active":false,"_monsterinsights_sitenote_note":"","_monsterinsights_sitenote_category":0,"footnotes":""},"categories":[1,36],"tags":[],"class_list":["post-14299","post","type-post","status-publish","format-standard","has-post-thumbnail","hentry","category-agenda","category-actividades"],"yoast_head":"<!-- This site is optimized with the Yoast SEO plugin v26.8 - https:\/\/yoast.com\/product\/yoast-seo-wordpress\/ -->\r\n<title>ATLAS DE AVES NIDIFICANTES - Ayuntamiento de Etxauri<\/title>\r\n<meta name=\"robots\" content=\"index, follow, max-snippet:-1, max-image-preview:large, max-video-preview:-1\" \/>\r\n<link rel=\"canonical\" href=\"https:\/\/www.etxauri.eus\/es\/hegazti-habiagileen-atlasa\/\" \/>\r\n<meta property=\"og:locale\" content=\"es_ES\" \/>\r\n<meta property=\"og:type\" content=\"article\" \/>\r\n<meta property=\"og:title\" content=\"ATLAS DE AVES NIDIFICANTES - Ayuntamiento de Etxauri\" \/>\r\n<meta property=\"og:description\" content=\"??? Este lunes, 15 de abril, comienzan los censos de Aves del Proyecto \u00abAtlas de Aves NIdificantes de la Comarca de Pamplona\u00bb en su segundo a\u00f1o de andadura; recordar que son tres a\u00f1os de proyecto: Atlas de aves nidificantes de&hellip;\" \/>\r\n<meta property=\"og:url\" content=\"https:\/\/www.etxauri.eus\/es\/hegazti-habiagileen-atlasa\/\" \/>\r\n<meta property=\"og:site_name\" content=\"Ayuntamiento de Etxauri\" \/>\r\n<meta property=\"article:published_time\" content=\"2024-04-15T06:30:37+00:00\" \/>\r\n<meta property=\"article:modified_time\" content=\"2024-04-18T09:31:43+00:00\" \/>\r\n<meta property=\"og:image\" content=\"http:\/\/www.etxauri.eus\/wp-content\/uploads\/sites\/103\/2023\/03\/carbonero-comun-j-arizaga.jpg\" \/>\r\n\t<meta property=\"og:image:width\" content=\"314\" \/>\r\n\t<meta property=\"og:image:height\" content=\"209\" \/>\r\n\t<meta property=\"og:image:type\" content=\"image\/jpeg\" \/>\r\n<meta name=\"author\" content=\"Idoia\" \/>\r\n<meta name=\"twitter:card\" content=\"summary_large_image\" \/>\r\n<meta name=\"twitter:label1\" content=\"Escrito por\" \/>\n\t<meta name=\"twitter:data1\" content=\"Idoia\" \/>\n\t<meta name=\"twitter:label2\" content=\"Tiempo de lectura\" \/>\n\t<meta name=\"twitter:data2\" content=\"3 minutos\" \/>\r\n<script type=\"application\/ld+json\" class=\"yoast-schema-graph\">{\"@context\":\"https:\/\/schema.org\",\"@graph\":[{\"@type\":\"Article\",\"@id\":\"https:\/\/www.etxauri.eus\/hegazti-habiagileen-atlasa\/#article\",\"isPartOf\":{\"@id\":\"https:\/\/www.etxauri.eus\/hegazti-habiagileen-atlasa\/\"},\"author\":{\"name\":\"Idoia\",\"@id\":\"https:\/\/www.etxauri.eus\/#\/schema\/person\/96154b0a2bb433adf5bd83b7b313174d\"},\"headline\":\"ATLAS DE AVES NIDIFICANTES\",\"datePublished\":\"2024-04-15T06:30:37+00:00\",\"dateModified\":\"2024-04-18T09:31:43+00:00\",\"mainEntityOfPage\":{\"@id\":\"https:\/\/www.etxauri.eus\/hegazti-habiagileen-atlasa\/\"},\"wordCount\":561,\"image\":{\"@id\":\"https:\/\/www.etxauri.eus\/hegazti-habiagileen-atlasa\/#primaryimage\"},\"thumbnailUrl\":\"https:\/\/www.etxauri.eus\/wp-content\/uploads\/sites\/103\/2023\/03\/carbonero-comun-j-arizaga.jpg\",\"articleSection\":[\"Agenda.\",\"Actividades\"],\"inLanguage\":\"es\"},{\"@type\":\"WebPage\",\"@id\":\"https:\/\/www.etxauri.eus\/es\/hegazti-habiagileen-atlasa\/\",\"url\":\"https:\/\/www.etxauri.eus\/es\/hegazti-habiagileen-atlasa\/\",\"name\":\"ATLAS DE AVES NIDIFICANTES - Ayuntamiento de Etxauri\",\"isPartOf\":{\"@id\":\"https:\/\/www.etxauri.eus\/es\/#website\"},\"primaryImageOfPage\":{\"@id\":\"https:\/\/www.etxauri.eus\/es\/hegazti-habiagileen-atlasa\/#primaryimage\"},\"image\":{\"@id\":\"https:\/\/www.etxauri.eus\/hegazti-habiagileen-atlasa\/#primaryimage\"},\"thumbnailUrl\":\"https:\/\/www.etxauri.eus\/wp-content\/uploads\/sites\/103\/2023\/03\/carbonero-comun-j-arizaga.jpg\",\"datePublished\":\"2024-04-15T06:30:37+00:00\",\"dateModified\":\"2024-04-18T09:31:43+00:00\",\"author\":{\"@id\":\"https:\/\/www.etxauri.eus\/#\/schema\/person\/96154b0a2bb433adf5bd83b7b313174d\"},\"breadcrumb\":{\"@id\":\"https:\/\/www.etxauri.eus\/es\/hegazti-habiagileen-atlasa\/#breadcrumb\"},\"inLanguage\":\"es\",\"potentialAction\":[{\"@type\":\"ReadAction\",\"target\":[[\"https:\/\/www.etxauri.eus\/es\/hegazti-habiagileen-atlasa\/\"]]}]},{\"@type\":\"ImageObject\",\"inLanguage\":\"es\",\"@id\":\"https:\/\/www.etxauri.eus\/es\/hegazti-habiagileen-atlasa\/#primaryimage\",\"url\":\"https:\/\/www.etxauri.eus\/wp-content\/uploads\/sites\/103\/2023\/03\/carbonero-comun-j-arizaga.jpg\",\"contentUrl\":\"https:\/\/www.etxauri.eus\/wp-content\/uploads\/sites\/103\/2023\/03\/carbonero-comun-j-arizaga.jpg\",\"width\":314,\"height\":209},{\"@type\":\"BreadcrumbList\",\"@id\":\"https:\/\/www.etxauri.eus\/es\/hegazti-habiagileen-atlasa\/#breadcrumb\",\"itemListElement\":[{\"@type\":\"ListItem\",\"position\":1,\"name\":\"Portada\",\"item\":\"https:\/\/www.etxauri.eus\/es\/\"},{\"@type\":\"ListItem\",\"position\":2,\"name\":\"ATLAS DE AVES NIDIFICANTES\"}]},{\"@type\":\"WebSite\",\"@id\":\"https:\/\/www.etxauri.eus\/es\/#website\",\"url\":\"https:\/\/www.etxauri.eus\/es\/\",\"name\":\"Ayuntamiento de Etxauri\",\"description\":\"Ayuntamiento de Etxauri\",\"potentialAction\":[{\"@type\":\"SearchAction\",\"target\":{\"@type\":\"EntryPoint\",\"urlTemplate\":\"https:\/\/www.etxauri.eus\/es\/?s={search_term_string}\"},\"query-input\":{\"@type\":\"PropertyValueSpecification\",\"valueRequired\":true,\"valueName\":\"search_term_string\"}}],\"inLanguage\":\"es\"},{\"@type\":\"Person\",\"@id\":\"https:\/\/www.etxauri.eus\/#\/schema\/person\/96154b0a2bb433adf5bd83b7b313174d\",\"name\":\"Idoia\",\"image\":{\"@type\":\"ImageObject\",\"inLanguage\":\"es\",\"@id\":\"https:\/\/www.etxauri.eus\/es\/#\/schema\/person\/image\/\",\"url\":\"https:\/\/secure.gravatar.com\/avatar\/43ac25bbab66419145c7119afd7f92d8d2c1e0b7c408a3dfba5d33268f3a01fd?s=96&d=mm&r=g\",\"contentUrl\":\"https:\/\/secure.gravatar.com\/avatar\/43ac25bbab66419145c7119afd7f92d8d2c1e0b7c408a3dfba5d33268f3a01fd?s=96&d=mm&r=g\",\"caption\":\"Idoia\"},\"url\":\"https:\/\/www.etxauri.eus\/es\/author\/exruser1\/\"}]}<\/script>\r\n<!-- \/ Yoast SEO plugin. -->","yoast_head_json":{"title":"ATLAS DE AVES NIDIFICANTES - Ayuntamiento de Etxauri","robots":{"index":"index","follow":"follow","max-snippet":"max-snippet:-1","max-image-preview":"max-image-preview:large","max-video-preview":"max-video-preview:-1"},"canonical":"https:\/\/www.etxauri.eus\/es\/hegazti-habiagileen-atlasa\/","og_locale":"es_ES","og_type":"article","og_title":"ATLAS DE AVES NIDIFICANTES - Ayuntamiento de Etxauri","og_description":"??? Este lunes, 15 de abril, comienzan los censos de Aves del Proyecto \u00abAtlas de Aves NIdificantes de la Comarca de Pamplona\u00bb en su segundo a\u00f1o de andadura; recordar que son tres a\u00f1os de proyecto: Atlas de aves nidificantes de&hellip;","og_url":"https:\/\/www.etxauri.eus\/es\/hegazti-habiagileen-atlasa\/","og_site_name":"Ayuntamiento de Etxauri","article_published_time":"2024-04-15T06:30:37+00:00","article_modified_time":"2024-04-18T09:31:43+00:00","og_image":[{"width":314,"height":209,"url":"http:\/\/www.etxauri.eus\/wp-content\/uploads\/sites\/103\/2023\/03\/carbonero-comun-j-arizaga.jpg","type":"image\/jpeg"}],"author":"Idoia","twitter_card":"summary_large_image","twitter_misc":{"Escrito por":"Idoia","Tiempo de lectura":"3 minutos"},"schema":{"@context":"https:\/\/schema.org","@graph":[{"@type":"Article","@id":"https:\/\/www.etxauri.eus\/hegazti-habiagileen-atlasa\/#article","isPartOf":{"@id":"https:\/\/www.etxauri.eus\/hegazti-habiagileen-atlasa\/"},"author":{"name":"Idoia","@id":"https:\/\/www.etxauri.eus\/#\/schema\/person\/96154b0a2bb433adf5bd83b7b313174d"},"headline":"ATLAS DE AVES NIDIFICANTES","datePublished":"2024-04-15T06:30:37+00:00","dateModified":"2024-04-18T09:31:43+00:00","mainEntityOfPage":{"@id":"https:\/\/www.etxauri.eus\/hegazti-habiagileen-atlasa\/"},"wordCount":561,"image":{"@id":"https:\/\/www.etxauri.eus\/hegazti-habiagileen-atlasa\/#primaryimage"},"thumbnailUrl":"https:\/\/www.etxauri.eus\/wp-content\/uploads\/sites\/103\/2023\/03\/carbonero-comun-j-arizaga.jpg","articleSection":["Agenda.","Actividades"],"inLanguage":"es"},{"@type":"WebPage","@id":"https:\/\/www.etxauri.eus\/es\/hegazti-habiagileen-atlasa\/","url":"https:\/\/www.etxauri.eus\/es\/hegazti-habiagileen-atlasa\/","name":"ATLAS DE AVES NIDIFICANTES - Ayuntamiento de Etxauri","isPartOf":{"@id":"https:\/\/www.etxauri.eus\/es\/#website"},"primaryImageOfPage":{"@id":"https:\/\/www.etxauri.eus\/es\/hegazti-habiagileen-atlasa\/#primaryimage"},"image":{"@id":"https:\/\/www.etxauri.eus\/hegazti-habiagileen-atlasa\/#primaryimage"},"thumbnailUrl":"https:\/\/www.etxauri.eus\/wp-content\/uploads\/sites\/103\/2023\/03\/carbonero-comun-j-arizaga.jpg","datePublished":"2024-04-15T06:30:37+00:00","dateModified":"2024-04-18T09:31:43+00:00","author":{"@id":"https:\/\/www.etxauri.eus\/#\/schema\/person\/96154b0a2bb433adf5bd83b7b313174d"},"breadcrumb":{"@id":"https:\/\/www.etxauri.eus\/es\/hegazti-habiagileen-atlasa\/#breadcrumb"},"inLanguage":"es","potentialAction":[{"@type":"ReadAction","target":[["https:\/\/www.etxauri.eus\/es\/hegazti-habiagileen-atlasa\/"]]}]},{"@type":"ImageObject","inLanguage":"es","@id":"https:\/\/www.etxauri.eus\/es\/hegazti-habiagileen-atlasa\/#primaryimage","url":"https:\/\/www.etxauri.eus\/wp-content\/uploads\/sites\/103\/2023\/03\/carbonero-comun-j-arizaga.jpg","contentUrl":"https:\/\/www.etxauri.eus\/wp-content\/uploads\/sites\/103\/2023\/03\/carbonero-comun-j-arizaga.jpg","width":314,"height":209},{"@type":"BreadcrumbList","@id":"https:\/\/www.etxauri.eus\/es\/hegazti-habiagileen-atlasa\/#breadcrumb","itemListElement":[{"@type":"ListItem","position":1,"name":"Portada","item":"https:\/\/www.etxauri.eus\/es\/"},{"@type":"ListItem","position":2,"name":"ATLAS DE AVES NIDIFICANTES"}]},{"@type":"WebSite","@id":"https:\/\/www.etxauri.eus\/es\/#website","url":"https:\/\/www.etxauri.eus\/es\/","name":"Ayuntamiento de Etxauri","description":"Ayuntamiento de Etxauri","potentialAction":[{"@type":"SearchAction","target":{"@type":"EntryPoint","urlTemplate":"https:\/\/www.etxauri.eus\/es\/?s={search_term_string}"},"query-input":{"@type":"PropertyValueSpecification","valueRequired":true,"valueName":"search_term_string"}}],"inLanguage":"es"},{"@type":"Person","@id":"https:\/\/www.etxauri.eus\/#\/schema\/person\/96154b0a2bb433adf5bd83b7b313174d","name":"Idoia","image":{"@type":"ImageObject","inLanguage":"es","@id":"https:\/\/www.etxauri.eus\/es\/#\/schema\/person\/image\/","url":"https:\/\/secure.gravatar.com\/avatar\/43ac25bbab66419145c7119afd7f92d8d2c1e0b7c408a3dfba5d33268f3a01fd?s=96&d=mm&r=g","contentUrl":"https:\/\/secure.gravatar.com\/avatar\/43ac25bbab66419145c7119afd7f92d8d2c1e0b7c408a3dfba5d33268f3a01fd?s=96&d=mm&r=g","caption":"Idoia"},"url":"https:\/\/www.etxauri.eus\/es\/author\/exruser1\/"}]}},"_links":{"self":[{"href":"https:\/\/www.etxauri.eus\/es\/wp-json\/wp\/v2\/posts\/14299","targetHints":{"allow":["GET"]}}],"collection":[{"href":"https:\/\/www.etxauri.eus\/es\/wp-json\/wp\/v2\/posts"}],"about":[{"href":"https:\/\/www.etxauri.eus\/es\/wp-json\/wp\/v2\/types\/post"}],"author":[{"embeddable":true,"href":"https:\/\/www.etxauri.eus\/es\/wp-json\/wp\/v2\/users\/281"}],"replies":[{"embeddable":true,"href":"https:\/\/www.etxauri.eus\/es\/wp-json\/wp\/v2\/comments?post=14299"}],"version-history":[{"count":37,"href":"https:\/\/www.etxauri.eus\/es\/wp-json\/wp\/v2\/posts\/14299\/revisions"}],"predecessor-version":[{"id":15775,"href":"https:\/\/www.etxauri.eus\/es\/wp-json\/wp\/v2\/posts\/14299\/revisions\/15775"}],"wp:featuredmedia":[{"embeddable":true,"href":"https:\/\/www.etxauri.eus\/es\/wp-json\/wp\/v2\/media\/14301"}],"wp:attachment":[{"href":"https:\/\/www.etxauri.eus\/es\/wp-json\/wp\/v2\/media?parent=14299"}],"wp:term":[{"taxonomy":"category","embeddable":true,"href":"https:\/\/www.etxauri.eus\/es\/wp-json\/wp\/v2\/categories?post=14299"},{"taxonomy":"post_tag","embeddable":true,"href":"https:\/\/www.etxauri.eus\/es\/wp-json\/wp\/v2\/tags?post=14299"}],"curies":[{"name":"wp","href":"https:\/\/api.w.org\/{rel}","templated":true}]}}