{"id":16210,"date":"2024-09-24T08:33:41","date_gmt":"2024-09-24T06:33:41","guid":{"rendered":"https:\/\/www.etxauri.eus\/?p=16210"},"modified":"2025-02-02T20:52:40","modified_gmt":"2025-02-02T19:52:40","slug":"amparoren-urtebetetzea","status":"publish","type":"post","link":"https:\/\/www.etxauri.eus\/es\/amparoren-urtebetetzea\/","title":{"rendered":"CUMPLEA\u00d1OS DE AMPARO"},"content":{"rendered":"<p><\/p>\n<h2 style=\"text-align: justify\"><span style=\"color: #000000\"><strong>Este domingo 22 de septiembre, parte de la Corporaci\u00f3n Municipal, se acerc\u00f3 a felicitar a nuestra vecina Amparo&#8230;. \u00a1\u00a1Menuda sorpresa se llev\u00f3!! Ah\u00ed la ten\u00e9is,\u00a0<\/strong><\/span><span style=\"color: #000000\"><strong> \u00a1\u00a185 a\u00f1azos!!<\/strong><\/span><\/h2>\n<h2 style=\"text-align: justify\"><span style=\"color: #000000\"><strong> Nos reparti\u00f3 un mont\u00f3n de besos <span class=\"x19la9d6 x1fc57z9 x6ikm8r x10wlt62 x19co3pv x1g5zs5t xfibh0p xiy17q3 x1xsqp64 x1lkfr7t xexx8yu x4uap5 x18d9i69 xkhd6sd\"><span class=\"xrtxmta x1bhl96m\">???? y abrazos ????<\/span><\/span>. \u00a1Menudo aperitivo nos prepararon! <span class=\"x19la9d6 x1fc57z9 x6ikm8r x10wlt62 x19co3pv x1g5zs5t xfibh0p xiy17q3 x1xsqp64 x1lkfr7t xexx8yu x4uap5 x18d9i69 xkhd6sd\"><span class=\"xrtxmta x1bhl96m\">?<\/span><\/span><span class=\"x19la9d6 x1fc57z9 x6ikm8r x10wlt62 x19co3pv x1g5zs5t xfibh0p xiy17q3 x1xsqp64 x1lkfr7t xexx8yu x4uap5 x18d9i69 xkhd6sd\"><span class=\"xrtxmta x1bhl96m\">?<\/span><\/span> <span class=\"x19la9d6 x1fc57z9 x6ikm8r x10wlt62 x19co3pv x1g5zs5t xfibh0p xiy17q3 x1xsqp64 x1lkfr7t xexx8yu x4uap5 x18d9i69 xkhd6sd\"><span class=\"xrtxmta x1bhl96m\">?<\/span><\/span><span class=\"x19la9d6 x1fc57z9 x6ikm8r x10wlt62 x19co3pv x1g5zs5t xfibh0p xiy17q3 x1xsqp64 x1lkfr7t xexx8yu x4uap5 x18d9i69 xkhd6sd\"><span class=\"xrtxmta x1bhl96m\">?<\/span><\/span><span class=\"x19la9d6 x1fc57z9 x6ikm8r x10wlt62 x19co3pv x1g5zs5t xfibh0p xiy17q3 x1xsqp64 x1lkfr7t xexx8yu x4uap5 x18d9i69 xkhd6sd\"><span class=\"xrtxmta x1bhl96m\">?<\/span><\/span><span class=\"x19la9d6 x1fc57z9 x6ikm8r x10wlt62 x19co3pv x1g5zs5t xfibh0p xiy17q3 x1xsqp64 x1lkfr7t xexx8yu x4uap5 x18d9i69 xkhd6sd\"><span class=\"xrtxmta x1bhl96m\">?<\/span><\/span><span class=\"x19la9d6 x1fc57z9 x6ikm8r x10wlt62 x19co3pv x1g5zs5t xfibh0p xiy17q3 x1xsqp64 x1lkfr7t xexx8yu x4uap5 x18d9i69 xkhd6sd\"><span class=\"xrtxmta x1bhl96m\">?<\/span><\/span><span class=\"x19la9d6 x1fc57z9 x6ikm8r x10wlt62 x19co3pv x1g5zs5t xfibh0p xiy17q3 x1xsqp64 x1lkfr7t xexx8yu x4uap5 x18d9i69 xkhd6sd\"><span class=\"xrtxmta x1bhl96m\">?<\/span><\/span><span class=\"x19la9d6 x1fc57z9 x6ikm8r x10wlt62 x19co3pv x1g5zs5t xfibh0p xiy17q3 x1xsqp64 x1lkfr7t xexx8yu x4uap5 x18d9i69 xkhd6sd\"><span class=\"xrtxmta x1bhl96m\">?<\/span><\/span><span class=\"x19la9d6 x1fc57z9 x6ikm8r x10wlt62 x19co3pv x1g5zs5t xfibh0p xiy17q3 x1xsqp64 x1lkfr7t xexx8yu x4uap5 x18d9i69 xkhd6sd\"><span class=\"xrtxmta x1bhl96m\">?<\/span><\/span><span class=\"selectable-text copyable-text\">&#8230;. <\/span><\/strong><\/span><\/h2>\n<h2 style=\"text-align: justify\"><span style=\"color: #000000\"><strong><span class=\"selectable-text copyable-text\">Amparo, como quedamos, \u00a1nos vemos en fiestas con tu pa\u00f1uelo puesto!<\/span><\/strong><\/span><\/h2>\n<p><a href=\"http:\/\/www.etxauri.eus\/wp-content\/uploads\/sites\/103\/2024\/09\/WhatsApp-Image-2024-09-22-at-14.52.32.jpeg\"><img loading=\"lazy\" decoding=\"async\" class=\"aligncenter wp-image-16215 \" src=\"http:\/\/www.etxauri.eus\/wp-content\/uploads\/sites\/103\/2024\/09\/WhatsApp-Image-2024-09-22-at-14.52.32-642x1024.jpeg\" alt=\"\" width=\"458\" height=\"731\" srcset=\"https:\/\/www.etxauri.eus\/wp-content\/uploads\/sites\/103\/2024\/09\/WhatsApp-Image-2024-09-22-at-14.52.32-642x1024.jpeg 642w, https:\/\/www.etxauri.eus\/wp-content\/uploads\/sites\/103\/2024\/09\/WhatsApp-Image-2024-09-22-at-14.52.32-188x300.jpeg 188w, https:\/\/www.etxauri.eus\/wp-content\/uploads\/sites\/103\/2024\/09\/WhatsApp-Image-2024-09-22-at-14.52.32-768x1224.jpeg 768w, https:\/\/www.etxauri.eus\/wp-content\/uploads\/sites\/103\/2024\/09\/WhatsApp-Image-2024-09-22-at-14.52.32-600x957.jpeg 600w, https:\/\/www.etxauri.eus\/wp-content\/uploads\/sites\/103\/2024\/09\/WhatsApp-Image-2024-09-22-at-14.52.32-300x478.jpeg 300w, https:\/\/www.etxauri.eus\/wp-content\/uploads\/sites\/103\/2024\/09\/WhatsApp-Image-2024-09-22-at-14.52.32.jpeg 892w\" sizes=\"auto, (max-width: 458px) 100vw, 458px\" \/><\/a> <a href=\"http:\/\/www.etxauri.eus\/wp-content\/uploads\/sites\/103\/2024\/09\/WhatsApp-Image-2024-09-22-at-14.52.33.jpeg\"><img loading=\"lazy\" decoding=\"async\" class=\" wp-image-16213 aligncenter\" src=\"http:\/\/www.etxauri.eus\/wp-content\/uploads\/sites\/103\/2024\/09\/WhatsApp-Image-2024-09-22-at-14.52.33-1024x999.jpeg\" alt=\"\" width=\"498\" height=\"486\" srcset=\"https:\/\/www.etxauri.eus\/wp-content\/uploads\/sites\/103\/2024\/09\/WhatsApp-Image-2024-09-22-at-14.52.33-1024x999.jpeg 1024w, https:\/\/www.etxauri.eus\/wp-content\/uploads\/sites\/103\/2024\/09\/WhatsApp-Image-2024-09-22-at-14.52.33-300x293.jpeg 300w, https:\/\/www.etxauri.eus\/wp-content\/uploads\/sites\/103\/2024\/09\/WhatsApp-Image-2024-09-22-at-14.52.33-768x749.jpeg 768w, https:\/\/www.etxauri.eus\/wp-content\/uploads\/sites\/103\/2024\/09\/WhatsApp-Image-2024-09-22-at-14.52.33-600x585.jpeg 600w, https:\/\/www.etxauri.eus\/wp-content\/uploads\/sites\/103\/2024\/09\/WhatsApp-Image-2024-09-22-at-14.52.33.jpeg 1500w\" sizes=\"auto, (max-width: 498px) 100vw, 498px\" \/><\/a> <a href=\"http:\/\/www.etxauri.eus\/wp-content\/uploads\/sites\/103\/2024\/09\/WhatsApp-Image-2024-09-22-at-14.52.33-1.jpeg\"><img loading=\"lazy\" decoding=\"async\" class=\"wp-image-16214 aligncenter\" src=\"http:\/\/www.etxauri.eus\/wp-content\/uploads\/sites\/103\/2024\/09\/WhatsApp-Image-2024-09-22-at-14.52.33-1-1024x794.jpeg\" alt=\"\" width=\"503\" height=\"390\" srcset=\"https:\/\/www.etxauri.eus\/wp-content\/uploads\/sites\/103\/2024\/09\/WhatsApp-Image-2024-09-22-at-14.52.33-1-1024x794.jpeg 1024w, https:\/\/www.etxauri.eus\/wp-content\/uploads\/sites\/103\/2024\/09\/WhatsApp-Image-2024-09-22-at-14.52.33-1-300x233.jpeg 300w, https:\/\/www.etxauri.eus\/wp-content\/uploads\/sites\/103\/2024\/09\/WhatsApp-Image-2024-09-22-at-14.52.33-1-768x596.jpeg 768w, https:\/\/www.etxauri.eus\/wp-content\/uploads\/sites\/103\/2024\/09\/WhatsApp-Image-2024-09-22-at-14.52.33-1-600x465.jpeg 600w, https:\/\/www.etxauri.eus\/wp-content\/uploads\/sites\/103\/2024\/09\/WhatsApp-Image-2024-09-22-at-14.52.33-1-1536x1191.jpeg 1536w, https:\/\/www.etxauri.eus\/wp-content\/uploads\/sites\/103\/2024\/09\/WhatsApp-Image-2024-09-22-at-14.52.33-1.jpeg 1600w\" sizes=\"auto, (max-width: 503px) 100vw, 503px\" \/><\/a><\/p>\n<p>&nbsp;<\/p>","protected":false},"excerpt":{"rendered":"<p>Este domingo 22 de septiembre, parte de la Corporaci\u00f3n Municipal, se acerc\u00f3 a felicitar a nuestra vecina Amparo&#8230;. \u00a1\u00a1Menuda sorpresa se llev\u00f3!! Ah\u00ed la ten\u00e9is,\u00a0 \u00a1\u00a185 a\u00f1azos!! Nos reparti\u00f3 un mont\u00f3n de besos ???? y abrazos ????. \u00a1Menudo aperitivo nos&hellip; <\/p>\n","protected":false},"author":281,"featured_media":16212,"comment_status":"closed","ping_status":"closed","sticky":false,"template":"","format":"standard","meta":{"_monsterinsights_skip_tracking":false,"_monsterinsights_sitenote_active":false,"_monsterinsights_sitenote_note":"","_monsterinsights_sitenote_category":0,"footnotes":""},"categories":[1,40],"tags":[],"class_list":["post-16210","post","type-post","status-publish","format-standard","has-post-thumbnail","hentry","category-agenda","category-zorionak-cumpleanos"],"yoast_head":"<!-- This site is optimized with the Yoast SEO plugin v26.8 - https:\/\/yoast.com\/product\/yoast-seo-wordpress\/ -->\r\n<title>CUMPLEA\u00d1OS DE AMPARO - Ayuntamiento de Etxauri<\/title>\r\n<meta name=\"robots\" content=\"index, follow, max-snippet:-1, max-image-preview:large, max-video-preview:-1\" \/>\r\n<link rel=\"canonical\" href=\"https:\/\/www.etxauri.eus\/es\/amparoren-urtebetetzea\/\" \/>\r\n<meta property=\"og:locale\" content=\"es_ES\" \/>\r\n<meta property=\"og:type\" content=\"article\" \/>\r\n<meta property=\"og:title\" content=\"CUMPLEA\u00d1OS DE AMPARO - Ayuntamiento de Etxauri\" \/>\r\n<meta property=\"og:description\" content=\"Este domingo 22 de septiembre, parte de la Corporaci\u00f3n Municipal, se acerc\u00f3 a felicitar a nuestra vecina Amparo&#8230;. \u00a1\u00a1Menuda sorpresa se llev\u00f3!! Ah\u00ed la ten\u00e9is,\u00a0 \u00a1\u00a185 a\u00f1azos!! Nos reparti\u00f3 un mont\u00f3n de besos ???? y abrazos ????. \u00a1Menudo aperitivo nos&hellip;\" \/>\r\n<meta property=\"og:url\" content=\"https:\/\/www.etxauri.eus\/es\/amparoren-urtebetetzea\/\" \/>\r\n<meta property=\"og:site_name\" content=\"Ayuntamiento de Etxauri\" \/>\r\n<meta property=\"article:published_time\" content=\"2024-09-24T06:33:41+00:00\" \/>\r\n<meta property=\"article:modified_time\" content=\"2025-02-02T19:52:40+00:00\" \/>\r\n<meta property=\"og:image\" content=\"https:\/\/www.etxauri.eus\/wp-content\/uploads\/sites\/103\/2024\/09\/WhatsApp-Image-2024-09-22-at-14.53.01-1.jpeg\" \/>\r\n\t<meta property=\"og:image:width\" content=\"959\" \/>\r\n\t<meta property=\"og:image:height\" content=\"1600\" \/>\r\n\t<meta property=\"og:image:type\" content=\"image\/jpeg\" \/>\r\n<meta name=\"author\" content=\"Idoia\" \/>\r\n<meta name=\"twitter:card\" content=\"summary_large_image\" \/>\r\n<meta name=\"twitter:label1\" content=\"Escrito por\" \/>\n\t<meta name=\"twitter:data1\" content=\"Idoia\" \/>\n\t<meta name=\"twitter:label2\" content=\"Tiempo de lectura\" \/>\n\t<meta name=\"twitter:data2\" content=\"1 minuto\" \/>\r\n<script type=\"application\/ld+json\" class=\"yoast-schema-graph\">{\"@context\":\"https:\/\/schema.org\",\"@graph\":[{\"@type\":\"Article\",\"@id\":\"https:\/\/www.etxauri.eus\/es\/amparoren-urtebetetzea\/#article\",\"isPartOf\":{\"@id\":\"https:\/\/www.etxauri.eus\/es\/amparoren-urtebetetzea\/\"},\"author\":{\"name\":\"Idoia\",\"@id\":\"https:\/\/www.etxauri.eus\/es\/#\/schema\/person\/96154b0a2bb433adf5bd83b7b313174d\"},\"headline\":\"CUMPLEA\u00d1OS DE AMPARO\",\"datePublished\":\"2024-09-24T06:33:41+00:00\",\"dateModified\":\"2025-02-02T19:52:40+00:00\",\"mainEntityOfPage\":{\"@id\":\"https:\/\/www.etxauri.eus\/es\/amparoren-urtebetetzea\/\"},\"wordCount\":110,\"image\":{\"@id\":\"https:\/\/www.etxauri.eus\/es\/amparoren-urtebetetzea\/#primaryimage\"},\"thumbnailUrl\":\"https:\/\/www.etxauri.eus\/wp-content\/uploads\/sites\/103\/2024\/09\/WhatsApp-Image-2024-09-22-at-14.53.01-1.jpeg\",\"articleSection\":[\"Agenda.\",\"Zorionak Cumplea\u00f1os\"],\"inLanguage\":\"es\"},{\"@type\":\"WebPage\",\"@id\":\"https:\/\/www.etxauri.eus\/es\/amparoren-urtebetetzea\/\",\"url\":\"https:\/\/www.etxauri.eus\/es\/amparoren-urtebetetzea\/\",\"name\":\"CUMPLEA\u00d1OS DE AMPARO - Ayuntamiento de Etxauri\",\"isPartOf\":{\"@id\":\"https:\/\/www.etxauri.eus\/es\/#website\"},\"primaryImageOfPage\":{\"@id\":\"https:\/\/www.etxauri.eus\/es\/amparoren-urtebetetzea\/#primaryimage\"},\"image\":{\"@id\":\"https:\/\/www.etxauri.eus\/es\/amparoren-urtebetetzea\/#primaryimage\"},\"thumbnailUrl\":\"https:\/\/www.etxauri.eus\/wp-content\/uploads\/sites\/103\/2024\/09\/WhatsApp-Image-2024-09-22-at-14.53.01-1.jpeg\",\"datePublished\":\"2024-09-24T06:33:41+00:00\",\"dateModified\":\"2025-02-02T19:52:40+00:00\",\"author\":{\"@id\":\"https:\/\/www.etxauri.eus\/es\/#\/schema\/person\/96154b0a2bb433adf5bd83b7b313174d\"},\"breadcrumb\":{\"@id\":\"https:\/\/www.etxauri.eus\/es\/amparoren-urtebetetzea\/#breadcrumb\"},\"inLanguage\":\"es\",\"potentialAction\":[{\"@type\":\"ReadAction\",\"target\":[[\"https:\/\/www.etxauri.eus\/es\/amparoren-urtebetetzea\/\"]]}]},{\"@type\":\"ImageObject\",\"inLanguage\":\"es\",\"@id\":\"https:\/\/www.etxauri.eus\/es\/amparoren-urtebetetzea\/#primaryimage\",\"url\":\"https:\/\/www.etxauri.eus\/wp-content\/uploads\/sites\/103\/2024\/09\/WhatsApp-Image-2024-09-22-at-14.53.01-1.jpeg\",\"contentUrl\":\"https:\/\/www.etxauri.eus\/wp-content\/uploads\/sites\/103\/2024\/09\/WhatsApp-Image-2024-09-22-at-14.53.01-1.jpeg\",\"width\":959,\"height\":1600},{\"@type\":\"BreadcrumbList\",\"@id\":\"https:\/\/www.etxauri.eus\/es\/amparoren-urtebetetzea\/#breadcrumb\",\"itemListElement\":[{\"@type\":\"ListItem\",\"position\":1,\"name\":\"Portada\",\"item\":\"https:\/\/www.etxauri.eus\/es\/\"},{\"@type\":\"ListItem\",\"position\":2,\"name\":\"CUMPLEA\u00d1OS DE AMPARO\"}]},{\"@type\":\"WebSite\",\"@id\":\"https:\/\/www.etxauri.eus\/es\/#website\",\"url\":\"https:\/\/www.etxauri.eus\/es\/\",\"name\":\"Ayuntamiento de Etxauri\",\"description\":\"Ayuntamiento de Etxauri\",\"potentialAction\":[{\"@type\":\"SearchAction\",\"target\":{\"@type\":\"EntryPoint\",\"urlTemplate\":\"https:\/\/www.etxauri.eus\/es\/?s={search_term_string}\"},\"query-input\":{\"@type\":\"PropertyValueSpecification\",\"valueRequired\":true,\"valueName\":\"search_term_string\"}}],\"inLanguage\":\"es\"},{\"@type\":\"Person\",\"@id\":\"https:\/\/www.etxauri.eus\/es\/#\/schema\/person\/96154b0a2bb433adf5bd83b7b313174d\",\"name\":\"Idoia\",\"image\":{\"@type\":\"ImageObject\",\"inLanguage\":\"es\",\"@id\":\"https:\/\/www.etxauri.eus\/es\/#\/schema\/person\/image\/\",\"url\":\"https:\/\/secure.gravatar.com\/avatar\/43ac25bbab66419145c7119afd7f92d8d2c1e0b7c408a3dfba5d33268f3a01fd?s=96&d=mm&r=g\",\"contentUrl\":\"https:\/\/secure.gravatar.com\/avatar\/43ac25bbab66419145c7119afd7f92d8d2c1e0b7c408a3dfba5d33268f3a01fd?s=96&d=mm&r=g\",\"caption\":\"Idoia\"},\"url\":\"https:\/\/www.etxauri.eus\/es\/author\/exruser1\/\"}]}<\/script>\r\n<!-- \/ Yoast SEO plugin. -->","yoast_head_json":{"title":"CUMPLEA\u00d1OS DE AMPARO - Ayuntamiento de Etxauri","robots":{"index":"index","follow":"follow","max-snippet":"max-snippet:-1","max-image-preview":"max-image-preview:large","max-video-preview":"max-video-preview:-1"},"canonical":"https:\/\/www.etxauri.eus\/es\/amparoren-urtebetetzea\/","og_locale":"es_ES","og_type":"article","og_title":"CUMPLEA\u00d1OS DE AMPARO - Ayuntamiento de Etxauri","og_description":"Este domingo 22 de septiembre, parte de la Corporaci\u00f3n Municipal, se acerc\u00f3 a felicitar a nuestra vecina Amparo&#8230;. \u00a1\u00a1Menuda sorpresa se llev\u00f3!! Ah\u00ed la ten\u00e9is,\u00a0 \u00a1\u00a185 a\u00f1azos!! Nos reparti\u00f3 un mont\u00f3n de besos ???? y abrazos ????. \u00a1Menudo aperitivo nos&hellip;","og_url":"https:\/\/www.etxauri.eus\/es\/amparoren-urtebetetzea\/","og_site_name":"Ayuntamiento de Etxauri","article_published_time":"2024-09-24T06:33:41+00:00","article_modified_time":"2025-02-02T19:52:40+00:00","og_image":[{"width":959,"height":1600,"url":"https:\/\/www.etxauri.eus\/wp-content\/uploads\/sites\/103\/2024\/09\/WhatsApp-Image-2024-09-22-at-14.53.01-1.jpeg","type":"image\/jpeg"}],"author":"Idoia","twitter_card":"summary_large_image","twitter_misc":{"Escrito por":"Idoia","Tiempo de lectura":"1 minuto"},"schema":{"@context":"https:\/\/schema.org","@graph":[{"@type":"Article","@id":"https:\/\/www.etxauri.eus\/es\/amparoren-urtebetetzea\/#article","isPartOf":{"@id":"https:\/\/www.etxauri.eus\/es\/amparoren-urtebetetzea\/"},"author":{"name":"Idoia","@id":"https:\/\/www.etxauri.eus\/es\/#\/schema\/person\/96154b0a2bb433adf5bd83b7b313174d"},"headline":"CUMPLEA\u00d1OS DE AMPARO","datePublished":"2024-09-24T06:33:41+00:00","dateModified":"2025-02-02T19:52:40+00:00","mainEntityOfPage":{"@id":"https:\/\/www.etxauri.eus\/es\/amparoren-urtebetetzea\/"},"wordCount":110,"image":{"@id":"https:\/\/www.etxauri.eus\/es\/amparoren-urtebetetzea\/#primaryimage"},"thumbnailUrl":"https:\/\/www.etxauri.eus\/wp-content\/uploads\/sites\/103\/2024\/09\/WhatsApp-Image-2024-09-22-at-14.53.01-1.jpeg","articleSection":["Agenda.","Zorionak Cumplea\u00f1os"],"inLanguage":"es"},{"@type":"WebPage","@id":"https:\/\/www.etxauri.eus\/es\/amparoren-urtebetetzea\/","url":"https:\/\/www.etxauri.eus\/es\/amparoren-urtebetetzea\/","name":"CUMPLEA\u00d1OS DE AMPARO - Ayuntamiento de Etxauri","isPartOf":{"@id":"https:\/\/www.etxauri.eus\/es\/#website"},"primaryImageOfPage":{"@id":"https:\/\/www.etxauri.eus\/es\/amparoren-urtebetetzea\/#primaryimage"},"image":{"@id":"https:\/\/www.etxauri.eus\/es\/amparoren-urtebetetzea\/#primaryimage"},"thumbnailUrl":"https:\/\/www.etxauri.eus\/wp-content\/uploads\/sites\/103\/2024\/09\/WhatsApp-Image-2024-09-22-at-14.53.01-1.jpeg","datePublished":"2024-09-24T06:33:41+00:00","dateModified":"2025-02-02T19:52:40+00:00","author":{"@id":"https:\/\/www.etxauri.eus\/es\/#\/schema\/person\/96154b0a2bb433adf5bd83b7b313174d"},"breadcrumb":{"@id":"https:\/\/www.etxauri.eus\/es\/amparoren-urtebetetzea\/#breadcrumb"},"inLanguage":"es","potentialAction":[{"@type":"ReadAction","target":[["https:\/\/www.etxauri.eus\/es\/amparoren-urtebetetzea\/"]]}]},{"@type":"ImageObject","inLanguage":"es","@id":"https:\/\/www.etxauri.eus\/es\/amparoren-urtebetetzea\/#primaryimage","url":"https:\/\/www.etxauri.eus\/wp-content\/uploads\/sites\/103\/2024\/09\/WhatsApp-Image-2024-09-22-at-14.53.01-1.jpeg","contentUrl":"https:\/\/www.etxauri.eus\/wp-content\/uploads\/sites\/103\/2024\/09\/WhatsApp-Image-2024-09-22-at-14.53.01-1.jpeg","width":959,"height":1600},{"@type":"BreadcrumbList","@id":"https:\/\/www.etxauri.eus\/es\/amparoren-urtebetetzea\/#breadcrumb","itemListElement":[{"@type":"ListItem","position":1,"name":"Portada","item":"https:\/\/www.etxauri.eus\/es\/"},{"@type":"ListItem","position":2,"name":"CUMPLEA\u00d1OS DE AMPARO"}]},{"@type":"WebSite","@id":"https:\/\/www.etxauri.eus\/es\/#website","url":"https:\/\/www.etxauri.eus\/es\/","name":"Ayuntamiento de Etxauri","description":"Ayuntamiento de Etxauri","potentialAction":[{"@type":"SearchAction","target":{"@type":"EntryPoint","urlTemplate":"https:\/\/www.etxauri.eus\/es\/?s={search_term_string}"},"query-input":{"@type":"PropertyValueSpecification","valueRequired":true,"valueName":"search_term_string"}}],"inLanguage":"es"},{"@type":"Person","@id":"https:\/\/www.etxauri.eus\/es\/#\/schema\/person\/96154b0a2bb433adf5bd83b7b313174d","name":"Idoia","image":{"@type":"ImageObject","inLanguage":"es","@id":"https:\/\/www.etxauri.eus\/es\/#\/schema\/person\/image\/","url":"https:\/\/secure.gravatar.com\/avatar\/43ac25bbab66419145c7119afd7f92d8d2c1e0b7c408a3dfba5d33268f3a01fd?s=96&d=mm&r=g","contentUrl":"https:\/\/secure.gravatar.com\/avatar\/43ac25bbab66419145c7119afd7f92d8d2c1e0b7c408a3dfba5d33268f3a01fd?s=96&d=mm&r=g","caption":"Idoia"},"url":"https:\/\/www.etxauri.eus\/es\/author\/exruser1\/"}]}},"_links":{"self":[{"href":"https:\/\/www.etxauri.eus\/es\/wp-json\/wp\/v2\/posts\/16210","targetHints":{"allow":["GET"]}}],"collection":[{"href":"https:\/\/www.etxauri.eus\/es\/wp-json\/wp\/v2\/posts"}],"about":[{"href":"https:\/\/www.etxauri.eus\/es\/wp-json\/wp\/v2\/types\/post"}],"author":[{"embeddable":true,"href":"https:\/\/www.etxauri.eus\/es\/wp-json\/wp\/v2\/users\/281"}],"replies":[{"embeddable":true,"href":"https:\/\/www.etxauri.eus\/es\/wp-json\/wp\/v2\/comments?post=16210"}],"version-history":[{"count":11,"href":"https:\/\/www.etxauri.eus\/es\/wp-json\/wp\/v2\/posts\/16210\/revisions"}],"predecessor-version":[{"id":16227,"href":"https:\/\/www.etxauri.eus\/es\/wp-json\/wp\/v2\/posts\/16210\/revisions\/16227"}],"wp:featuredmedia":[{"embeddable":true,"href":"https:\/\/www.etxauri.eus\/es\/wp-json\/wp\/v2\/media\/16212"}],"wp:attachment":[{"href":"https:\/\/www.etxauri.eus\/es\/wp-json\/wp\/v2\/media?parent=16210"}],"wp:term":[{"taxonomy":"category","embeddable":true,"href":"https:\/\/www.etxauri.eus\/es\/wp-json\/wp\/v2\/categories?post=16210"},{"taxonomy":"post_tag","embeddable":true,"href":"https:\/\/www.etxauri.eus\/es\/wp-json\/wp\/v2\/tags?post=16210"}],"curies":[{"name":"wp","href":"https:\/\/api.w.org\/{rel}","templated":true}]}}